
{"id":305708,"date":"2026-05-01T10:14:37","date_gmt":"2026-05-01T10:14:37","guid":{"rendered":"https:\/\/blog.skylum.com\/recenze-sony-a7v-uplny-rozbor-fotoaparatu\/"},"modified":"2026-05-01T11:53:50","modified_gmt":"2026-05-01T11:53:50","slug":"sony-a7v-review","status":"publish","type":"post","link":"https:\/\/blog.skylum.com\/cs\/sony-a7v-review\/","title":{"rendered":"Recenze Sony A7V: \u00dapln\u00fd rozbor fotoapar\u00e1tu"},"content":{"rendered":"\n<p>Vyd\u00e1n\u00ed fotoapar\u00e1tu Sony A7V p\u0159edstavuje z\u00e1sadn\u00ed okam\u017eik ve v\u00fdvoji fullframe hybridn\u00edch fotoapar\u00e1t\u016f, proto\u017ee spojuje vysokorychlostn\u00ed \u010dten\u00ed dat s neb\u00fdval\u00fdm v\u00fdpo\u010detn\u00edm v\u00fdkonem. Pro krajin\u00e1\u0159sk\u00e9 a portr\u00e9tn\u00ed fotografy p\u0159edstavuje toto t\u011blo sofistikovan\u00fd n\u00e1stroj pro sb\u011br dat ur\u010den\u00fd pro nejn\u00e1ro\u010dn\u011bj\u0161\u00ed prost\u0159ed\u00ed. D\u00edky \u010d\u00e1ste\u010dn\u011b skl\u00e1dan\u00e9 architektu\u0159e sn\u00edma\u010de p\u0159eklenuje model A7V Sony propast mezi p\u0159\u00edstupnost\u00ed pro nad\u0161ence a v\u00fdkonem profesion\u00e1ln\u00ed \u00farovn\u011b a nastavuje tak nov\u00fd standard.  <\/p>\n\n<p><em>Nechce se v\u00e1m te\u010f \u010d\u00edst cel\u00fd rozpis? Zde je stru\u010dn\u011bj\u0161\u00ed a prakti\u010dt\u011bj\u0161\u00ed shrnut\u00ed toho, co se vlastn\u011b zm\u011bnilo. <\/em><\/p>\n\n<p class=\"important-text\">Kl\u00ed\u010dov\u00e9 poznatky<\/p>\n\n<ul class=\"wp-block-list\">\n<li><strong>Integrace um\u011bl\u00e9 inteligence.  <\/strong>D\u00edky integrovan\u00fdm n\u00e1stroj\u016fm a hardwaru pro \u00fapravu um\u011bl\u00e9 inteligence lze zrychlit rozpozn\u00e1v\u00e1n\u00ed objekt\u016f a celkov\u00fd pracovn\u00ed postup, aby bylo mo\u017en\u00e9 kombinovat po\u017eadovan\u00e9 sn\u00edm\u00e1n\u00ed a kone\u010dn\u00fd export.<\/li>\n\n\n\n<li><strong>V\u0161estrannost syst\u00e9mu.  <\/strong>Sn\u00edma\u010de s dvoj\u00edm ziskem ISO poskytuj\u00ed \u010dist\u0161\u00ed sn\u00edmky p\u0159i vysoce kontrastn\u00edm osv\u011btlen\u00ed, kter\u00e9 je b\u011b\u017en\u00e9 p\u0159i fotografov\u00e1n\u00ed v exteri\u00e9ru.<\/li>\n\n\n\n<li><strong>Rozli\u0161en\u00ed sn\u00edma\u010de.<\/strong>  Velk\u00e9 megapixely jsou nutn\u00e9 pro tisk ve velk\u00e9m m\u011b\u0159\u00edtku a agresivn\u00ed o\u0159ez, ani\u017e by do\u0161lo k naru\u0161en\u00ed texturn\u00edch informac\u00ed.<\/li>\n\n\n\n<li><strong>Dynamick\u00fd rozsah.  <\/strong>D\u00edky rozsahu 14+ stup\u0148\u016f maj\u00ed fotoapar\u00e1ty \u010dist\u0161\u00ed obnovu st\u00edn\u016f, zejm\u00e9na v kombinaci s expozi\u010dn\u00edmi n\u00e1stroji s um\u011blou inteligenc\u00ed.<\/li>\n\n\n\n<li><strong>T\u011bsn\u011bn\u00ed proti pov\u011btrnostn\u00edm vliv\u016fm.<\/strong>  Vnit\u0159n\u00ed t\u011bsn\u011bn\u00ed chr\u00e1n\u00ed citlivou elektroniku p\u0159ed vlhkost\u00ed a prachem a zaji\u0161\u0165uje spolehlivost na vzd\u00e1len\u00fdch m\u00edstech.<\/li>\n\n\n\n<li><strong>Integrace softwaru.  <\/strong>Maximum ze soubor\u016f RAW lze z\u00edskat pomoc\u00ed sofistikovan\u00fdch mechanism\u016f zpracov\u00e1n\u00ed v n\u00e1ro\u010dn\u00fdch podm\u00ednk\u00e1ch.<\/li>\n<\/ul>\n\n<h2 class=\"wp-block-heading\">Funkce a specifikace fotoapar\u00e1tu Sony A7V<\/h2>\n\n<figure class=\"wp-block-image size-full\"><img loading=\"lazy\" decoding=\"async\" width=\"1200\" height=\"1200\" src=\"https:\/\/blog.skylum.com\/wp-content\/uploads\/2026\/05\/features-and-specifications-of-the-sony-a7v.jpg\" alt=\"Sony A7V | Skylum Blog&#10;&#10;\" class=\"wp-image-305614\" srcset=\"https:\/\/blog.skylum.com\/wp-content\/uploads\/2026\/05\/features-and-specifications-of-the-sony-a7v.jpg 1200w, https:\/\/blog.skylum.com\/wp-content\/uploads\/2026\/05\/features-and-specifications-of-the-sony-a7v-768x768.jpg 768w, https:\/\/blog.skylum.com\/wp-content\/uploads\/2026\/05\/features-and-specifications-of-the-sony-a7v-300x300.jpg 300w\" sizes=\"auto, (max-width: 1200px) 100vw, 1200px\" \/><\/figure>\n\n<p>Architektura vyu\u017e\u00edv\u00e1 obvody navr\u017een\u00e9 za fotodiodami, kter\u00e9 maj\u00ed stejn\u011b jako tradi\u010dn\u00ed senzory BSI obrovskou datovou propustnost. To umo\u017e\u0148uje fotoapar\u00e1tu Sony A7V sn\u00edmat rychlost\u00ed 30 sn\u00edmk\u016f za sekundu, \u010d\u00edm\u017e se prakticky zbavuje zkreslen\u00ed, kter\u00e9 se obvykle vyskytuje u sn\u00edmk\u016f rychle se pohybuj\u00edc\u00edch objekt\u016f. <\/p>\n\n<p>Motor BIONZ XR2 je uveden v technick\u00fdch specifikac\u00edch. Fotoapar\u00e1t dok\u00e1\u017ee prov\u00e9st 60 v\u00fdpo\u010dt\u016f AF\/AE za sekundu, co\u017e zaji\u0161\u0165uje, \u017ee ka\u017ed\u00fd sn\u00edmek je exponovan\u00fd a dokonale ostr\u00fd p\u0159i vysok\u00e9 rychlosti. Soubory maj\u00ed v\u00edce ne\u017e 16 stup\u0148\u016f dynamick\u00e9ho rozsahu pro fotografy, kte\u0159\u00ed pou\u017e\u00edvaj\u00ed <a href=\"https:\/\/skylum.com\/luminar\/raw-photo-editor\">editor fotografi\u00ed v surov\u00e9m stavu<\/a>, a nab\u00edzej\u00ed tak mo\u017enost prozkoumat pr\u00e1zdn\u00e9 pl\u00e1tno a obnovit nejtmav\u0161\u00ed st\u00edny a nejjasn\u011bj\u0161\u00ed sv\u011btla.  <\/p>\n\n<div class=\"skylum-article-cta\"  style=\"background-image: url(https:\/\/blog.skylum.com\/wp-content\/uploads\/2026\/02\/cta-new-banner-2-2.webp); background-size: cover; background-position: center; background-repeat: no-repeat;\">\n    <div class=\"skylum-article-cta__container\">\n                    <h2 class=\"skylum-article-cta__title\">V\u00fdkonn\u00fd a funk\u010dn\u011b bohat\u00fd konvertor RAW\r\n<\/h2>\n                        <div class=\"skylum-article-cta__btns-wrap\">\n                            <a class=\"skylum-article-cta__btn\" href=\"https:\/\/skylum.com\/luminar\/raw-photo-editor\" target=\"\">\n                    Vyzkou\u0161ejte to hned                <\/a>\n                                <\/div>\n    <\/div>\n<\/div>\n<h2 class=\"wp-block-heading\">Pokro\u010dil\u00fd pracovn\u00ed postup RAW a tepeln\u00e1 spr\u00e1va<\/h2>\n\n<figure class=\"wp-block-image size-full\"><img loading=\"lazy\" decoding=\"async\" width=\"1200\" height=\"929\" src=\"https:\/\/blog.skylum.com\/wp-content\/uploads\/2026\/05\/advanced-raw-workflow-and-thermal-management.jpg\" alt=\"Pohled na obrazovku Sony A7V | Skylum Blog&#10;&#10;\" class=\"wp-image-305554\" srcset=\"https:\/\/blog.skylum.com\/wp-content\/uploads\/2026\/05\/advanced-raw-workflow-and-thermal-management.jpg 1200w, https:\/\/blog.skylum.com\/wp-content\/uploads\/2026\/05\/advanced-raw-workflow-and-thermal-management-768x595.jpg 768w\" sizes=\"auto, (max-width: 1200px) 100vw, 1200px\" \/><\/figure>\n\n<p>Model A7V m\u00e1 takov\u00e9 specifikace, jako je robustn\u00ed vnit\u0159n\u00ed r\u00e1m z ho\u0159\u010d\u00edkov\u00e9 slitiny, kter\u00fd funguje jako prim\u00e1rn\u00ed chladi\u010d, co\u017e v\u00fdrazn\u011b zlep\u0161uje odvod tepla p\u0159i del\u0161\u00edm fotografov\u00e1n\u00ed. To zabra\u0148uje vzniku &#8222;hork\u00fdch pixel\u016f&#8220;, kter\u00e9 ovliv\u0148uj\u00ed dlouh\u00e9 expozice u sn\u00edma\u010d\u016f ni\u017e\u0161\u00ed t\u0159\u00eddy, co\u017e znamen\u00e1, \u017ee za hork\u00fdch letn\u00edch noc\u00ed jsou 33Mpx soubory RAW bez \u0161umu a artefakt\u016f. <\/p>\n\n<p>Sony A7V vytv\u00e1\u0159\u00ed soubory s metadaty, kter\u00e1 zaznamen\u00e1vaj\u00ed difrakci objektivu a chromatickou aberaci. Velmi rychl\u00fd editor raw sn\u00edmk\u016f dok\u00e1\u017ee prov\u00e9st p\u0159esn\u00e9 automatick\u00e9 korekce. Zaru\u010d\u00ed, \u017ee ve fin\u00e1ln\u00edm exportu bude dosa\u017eeno ostrosti od okraje k okraji, kterou slibuj\u00ed specifikace fotoapar\u00e1tu Sony A7V, m\u00edsto aby ji zabila optick\u00e1 fyzika.  <\/p>\n\n<h2 class=\"wp-block-heading\">Anal\u00fdza kvality obrazu a v\u00fdkonu<\/h2>\n\n<p>Automatick\u00e9 vyv\u00e1\u017een\u00ed b\u00edl\u00e9, kter\u00e9 je poh\u00e1n\u011bno um\u011blou inteligenc\u00ed, je mnohem konzistentn\u011bj\u0161\u00ed ve slo\u017eit\u00fdch sv\u011bteln\u00fdch podm\u00ednk\u00e1ch, nap\u0159\u00edklad v korun\u00e1ch les\u016f nebo p\u0159i p\u0159echodu do zlat\u00e9 hodiny. Takov\u00e1 p\u0159esnost zaru\u010duje, \u017ee fotoapar\u00e1t A7V Sony vykresl\u00ed ple\u0165ov\u00e9 t\u00f3ny a p\u0159irozenou zelenou. <\/p>\n\n<p>Pokud se v\u00edce cen\u00ed estetick\u00e1 hloubka, funkce obrazov\u00e9ho potrub\u00ed zahrnuj\u00ed p\u0159edvolby s n\u00e1zvem kreativn\u00ed vzhled, kter\u00e9 lze upravit p\u0159\u00edmo ve fotoapar\u00e1tu. Je to v\u0161ak potenci\u00e1l, kter\u00fd se otev\u0159el p\u0159i n\u00e1sledn\u00e9m zpracov\u00e1n\u00ed. Pomoc\u00ed efektu Portrait Bokeh AI mohou u\u017eivatel\u00e9 vyu\u017e\u00edt p\u0159esnost mapov\u00e1n\u00ed hloubky fotoapar\u00e1tu a dos\u00e1hnout profesion\u00e1ln\u00edho odd\u011blen\u00ed jak\u00e9hokoli portr\u00e9tu s pozad\u00edm, na n\u011bm\u017e objekt vynikne na pozad\u00ed v optick\u00e9 kvalit\u011b.  <\/p>\n\n<div class=\"skylum-article-cta\"  style=\"background-image: url(https:\/\/blog.skylum.com\/wp-content\/uploads\/2026\/02\/cta-new-banner-2-2.webp); background-size: cover; background-position: center; background-repeat: no-repeat;\">\n    <div class=\"skylum-article-cta__container\">\n                    <h2 class=\"skylum-article-cta__title\">Bring Emotional Depth to Your Portraits with Bokeh Effect\r\n<\/h2>\n                        <div class=\"skylum-article-cta__btns-wrap\">\n                            <a class=\"skylum-article-cta__btn\" href=\"https:\/\/skylum.com\/luminar\/portrait-bokeh-effect\" target=\"\">\n                    Discover How                <\/a>\n                                <\/div>\n    <\/div>\n<\/div>\n<h3 class=\"wp-block-heading\">P\u0159esn\u00e9 ovl\u00e1d\u00e1n\u00ed hloubky ostrosti a AI Bokeh<\/h3>\n\n<p>Sn\u00edma\u010d s vysok\u00fdm rozli\u0161en\u00edm a vynikaj\u00edc\u00ed automatick\u00e9 zaost\u0159ov\u00e1n\u00ed umo\u017e\u0148uj\u00ed stejn\u011b dob\u0159e zachytit portr\u00e9ty z prost\u0159ed\u00ed. Mezi hlavn\u00ed p\u0159ednosti nov\u00e9 jednotky pro zpracov\u00e1n\u00ed um\u011bl\u00e9 inteligence pat\u0159\u00ed jej\u00ed schopnost mapovat hloubku sc\u00e9ny v re\u00e1ln\u00e9m \u010dase a ve 3D. Ta je zak\u00f3dov\u00e1na do souboru RAW, kde ji lze vyu\u017e\u00edt k vytvo\u0159en\u00ed. Aby se fotografov\u00e9 mohli soust\u0159edit na fotografovan\u00fd objekt a kontrastovat jej s ru\u0161n\u00fdm pozad\u00edm, poskytuj\u00ed hardwarov\u011b z\u00edskan\u00e1 data um\u011blou masku.   <\/p>\n\n<p>Vzhledu podobn\u00e9ho objektivu m\u016f\u017eete dos\u00e1hnout pomoc\u00ed n\u00e1stroj\u016f, jako je Luminar Portrait Bokeh AI.  <\/p>\n\n<figure class=\"wp-block-image size-full\"><img loading=\"lazy\" decoding=\"async\" width=\"1200\" height=\"593\" src=\"https:\/\/blog.skylum.com\/wp-content\/uploads\/2026\/05\/tools-like-luminar-portrait-bokeh-ai.png\" alt=\"Portr&#xE9;tn&#xED; um&#x11B;l&#xE1; inteligence v aplikaci Luminar Neo | Skylum Blog&#10;&#10;\" class=\"wp-image-305659\" srcset=\"https:\/\/blog.skylum.com\/wp-content\/uploads\/2026\/05\/tools-like-luminar-portrait-bokeh-ai.png 1200w, https:\/\/blog.skylum.com\/wp-content\/uploads\/2026\/05\/tools-like-luminar-portrait-bokeh-ai-768x380.png 768w\" sizes=\"auto, (max-width: 1200px) 100vw, 1200px\" \/><\/figure>\n\n<p>Software vyu\u017e\u00edv\u00e1 detaily obrazu k rozli\u0161en\u00ed rovin pop\u0159ed\u00ed, objektu a pozad\u00ed. Vytv\u00e1\u0159\u00ed naturalistick\u00e9 rozost\u0159en\u00ed, kter\u00e9 respektuje z\u00e1kony optiky, co\u017e kdysi nebylo mo\u017en\u00e9 bez mnohahodinov\u00e9ho ru\u010dn\u00edho maskov\u00e1n\u00ed. <\/p>\n\n<h3 class=\"wp-block-heading\">Syst\u00e9m automatick\u00e9ho ost\u0159en\u00ed a hodnocen\u00ed rychlosti<\/h3>\n\n<p>Syst\u00e9m vyu\u017e\u00edv\u00e1 technologii odhadu polohy \u010dlov\u011bka se 759 body f\u00e1zov\u00e9 detekce, kter\u00e9 pokr\u00fdvaj\u00ed 94 % sn\u00edma\u010de. Automatick\u00e9 zaost\u0159ov\u00e1n\u00ed \u0159\u00edzen\u00e9 um\u011blou inteligenc\u00ed vyu\u017e\u00edv\u00e1 odhad lidsk\u00e9 pozice k udr\u017een\u00ed zam\u011b\u0159en\u00ed o\u010d\u00ed a hlavy objektu, i kdy\u017e se oto\u010d\u00ed, zat\u00edmco 759 bod\u016f f\u00e1zov\u00e9 detekce umo\u017e\u0148uje t\u00e9m\u011b\u0159 okam\u017eit\u00e9 zachycen\u00ed men\u0161\u00edch objekt\u016f, jako jsou turist\u00e9 nebo vzd\u00e1len\u00ed pt\u00e1ci. <\/p>\n\n<p>Test rychlosti tak\u00e9 ukazuje, \u017ee fotoapar\u00e1t Sony A7V dok\u00e1\u017ee p\u0159ed sn\u00edm\u00e1n\u00edm zachytit a\u017e 1 sekundu. Ukazuje se, \u017ee to m\u011bn\u00ed pravidla hry p\u0159i fotografov\u00e1n\u00ed divok\u00e9 p\u0159\u00edrody i sportu, proto\u017ee v\u00e1m nikdy neunikne vrcholn\u00fd okam\u017eik. D\u00edky p\u0159idan\u00e9mu softwaru Luminar AI je po\u0159\u00edzen\u00ed vysokorychlostn\u00ed fotografie a vytvo\u0159en\u00ed fin\u00e1ln\u00edho produktu rychlej\u0161\u00ed ne\u017e kdykoli p\u0159edt\u00edm, p\u0159i\u010dem\u017e o zbytek se postar\u00e1 software automatizuj\u00edc\u00ed inteligentn\u00ed sledov\u00e1n\u00ed fotoapar\u00e1tu.  <\/p>\n\n<div class=\"skylum-article-cta\"  style=\"background-image: url(https:\/\/blog.skylum.com\/wp-content\/uploads\/2026\/02\/cta-new-banner-2-2.webp); background-size: cover; background-position: center; background-repeat: no-repeat;\">\n    <div class=\"skylum-article-cta__container\">\n                    <h2 class=\"skylum-article-cta__title\">Editor fotografi\u00ed s um\u011blou inteligenc\u00ed pro MacOS a Windows\r\n\r\n<\/h2>\n                        <div class=\"skylum-article-cta__btns-wrap\">\n                            <a class=\"skylum-article-cta__btn\" href=\"https:\/\/skylum.com\/luminar-ai\" target=\"\">\n                    Objevte nyn\u00ed!                <\/a>\n                                <\/div>\n    <\/div>\n<\/div>\n<h2 class=\"wp-block-heading\">P\u0159izp\u016fsoben\u00ed a profesion\u00e1ln\u00ed ergonomie<\/h2>\n\n<figure class=\"wp-block-image size-full\"><img loading=\"lazy\" decoding=\"async\" width=\"1200\" height=\"1200\" src=\"https:\/\/blog.skylum.com\/wp-content\/uploads\/2026\/05\/customization-and-professional-ergonomics.jpg\" alt=\"Zobrazen&#xED; vstup&#x16F; Sony A7V | Skylum Blog&#10;&#10;\" class=\"wp-image-305599\" srcset=\"https:\/\/blog.skylum.com\/wp-content\/uploads\/2026\/05\/customization-and-professional-ergonomics.jpg 1200w, https:\/\/blog.skylum.com\/wp-content\/uploads\/2026\/05\/customization-and-professional-ergonomics-768x768.jpg 768w, https:\/\/blog.skylum.com\/wp-content\/uploads\/2026\/05\/customization-and-professional-ergonomics-300x300.jpg 300w\" sizes=\"auto, (max-width: 1200px) 100vw, 1200px\" \/><\/figure>\n\n<p>Mezi funkce fotoapar\u00e1tu A7V Sony pat\u0159\u00ed p\u0159epracovan\u00e1 zaost\u0159ovac\u00ed mapa, kter\u00e1 pom\u00e1h\u00e1 zobrazit hloubku ostrosti, a zadn\u00ed voli\u010d, kter\u00fd lze naprogramovat k ovl\u00e1d\u00e1n\u00ed citlivosti ISO nebo kompenzace expozice. Takov\u00e9 fyzick\u00e9 rozhran\u00ed m\u00e1 nep\u0159ek\u00e1\u017eet a umo\u017enit fotografovi z\u016fstat v okam\u017eiku, p\u0159i\u010dem\u017e zpracov\u00e1n\u00ed dat nese z\u00e1t\u011b\u017e ve specifikac\u00edch. <\/p>\n\n<p>Datum vyd\u00e1n\u00ed fotoapar\u00e1tu Sony A7V znamenalo den, kdy odv\u011btv\u00ed ji\u017e nepot\u0159ebovalo t\u011bla vyroben\u00e1 na zak\u00e1zku. Za\u0159azen\u00edm Luminar AI do pracovn\u00edho postupu n\u00e1sledn\u00e9ho zpracov\u00e1n\u00ed m\u016f\u017eete ve\u0161kerou energii investovat do um\u011bleck\u00e9ho procesu, kter\u00fd v\u00e1m Sony A7V pom\u00e1h\u00e1 prov\u00e1d\u011bt, a ru\u010dn\u00ed \u010di\u0161t\u011bn\u00ed\/le\u0161t\u011bn\u00ed sv\u00fdch prac\u00ed, jako je odstra\u0148ov\u00e1n\u00ed prachu ze sn\u00edma\u010de nebo jednoduch\u00e1 barevn\u00e1 gradace, odlo\u017eit stranou. <\/p>\n\n<h2 class=\"wp-block-heading\">\u017divotnost baterie a \u00fa\u010dinnost nab\u00edjen\u00ed<\/h2>\n\n<figure class=\"wp-block-image size-full\"><img loading=\"lazy\" decoding=\"async\" width=\"1200\" height=\"1200\" src=\"https:\/\/blog.skylum.com\/wp-content\/uploads\/2026\/05\/battery-life-and-charging-efficiency.jpg\" alt=\"Zobrazen&#xED; vstup&#x16F; Sony A7V | Skylum Blog&#10;&#10;\" class=\"wp-image-305569\" srcset=\"https:\/\/blog.skylum.com\/wp-content\/uploads\/2026\/05\/battery-life-and-charging-efficiency.jpg 1200w, https:\/\/blog.skylum.com\/wp-content\/uploads\/2026\/05\/battery-life-and-charging-efficiency-768x768.jpg 768w, https:\/\/blog.skylum.com\/wp-content\/uploads\/2026\/05\/battery-life-and-charging-efficiency-300x300.jpg 300w\" sizes=\"auto, (max-width: 1200px) 100vw, 1200px\" \/><\/figure>\n\n<p>D\u00edky v\u00fdkonn\u011bj\u0161\u00edmu procesoru BIONZ XR2 m\u00e1 fotoapar\u00e1t v\u00fddr\u017e baterie p\u0159ibli\u017en\u011b 630 sn\u00edmk\u016f s EVF a 750 sn\u00edmk\u016f s LCD displejem. Specifikace uv\u00e1d\u011bj\u00ed 90 minut nep\u0159etr\u017eit\u00e9ho z\u00e1znamu ve 4K p\u0159i teplot\u011b 25 C. <\/p>\n\n<p>Nab\u00edjen\u00ed zaji\u0161\u0165uj\u00ed dva porty USB-C s podporou USB-PD (Power Delivery), kter\u00e9 umo\u017e\u0148uj\u00ed rychl\u00e9 nab\u00edjen\u00ed bateri\u00ed fotoapar\u00e1tu. D\u00edky tomu lze fotoapar\u00e1t Sony A7V nap\u00e1jet prost\u0159ednictv\u00edm extern\u00ed baterie p\u0159i dlouh\u00fdch expozic\u00edch a sledov\u00e1n\u00ed hv\u011bzd nebo p\u0159i p\u0159ipojen\u00ed ke studiov\u00e9mu za\u0159\u00edzen\u00ed. D\u00edky flexibilit\u011b nap\u00e1jen\u00ed je to jedna z nejspolehliv\u011bj\u0161\u00edch funkc\u00ed pro profesion\u00e1ln\u00ed expedice, kde nejsou k dispozici elektrick\u00e9 z\u00e1suvky.  <\/p>\n\n<h2 class=\"wp-block-heading\">Design, kvalita proveden\u00ed a ergonomie<\/h2>\n\n<p>Sony A7V m\u00e1 stejnou siluetu jako fotoapar\u00e1t Alpha, ale je vybaven nov\u011bj\u0161\u00edm, robustn\u011bj\u0161\u00edm r\u00e1mem z ho\u0159\u010d\u00edkov\u00e9 slitiny. Grip je m\u00edrn\u011b upraven tak, aby vyhovoval v\u011bt\u0161\u00edm ruk\u00e1m, a byl l\u00e9pe vyv\u00e1\u017een pro t\u011b\u017ek\u00e9 teleobjektivy.   <\/p>\n\n<figure class=\"wp-block-image size-full\"><img loading=\"lazy\" decoding=\"async\" width=\"1200\" height=\"1200\" src=\"https:\/\/blog.skylum.com\/wp-content\/uploads\/2026\/05\/telephoto-lenses.jpg\" alt=\"Grip Sony A7V | Skylum Blog&#10;&#10;\" class=\"wp-image-305644\" srcset=\"https:\/\/blog.skylum.com\/wp-content\/uploads\/2026\/05\/telephoto-lenses.jpg 1200w, https:\/\/blog.skylum.com\/wp-content\/uploads\/2026\/05\/telephoto-lenses-768x768.jpg 768w, https:\/\/blog.skylum.com\/wp-content\/uploads\/2026\/05\/telephoto-lenses-300x300.jpg 300w\" sizes=\"auto, (max-width: 1200px) 100vw, 1200px\" \/><\/figure>\n\n<p>P\u0159ihr\u00e1dka na baterie a sloty na karty jsou l\u00e9pe ut\u011bsn\u011bny proti pov\u011btrnostn\u00edm vliv\u016fm. Tato konstruk\u010dn\u00ed vylep\u0161en\u00ed zaji\u0161\u0165uj\u00ed, \u017ee odolnost fotoapar\u00e1tu proti vlhkosti a prachu spl\u0148uje p\u0159\u00edsn\u00e9 normy pro profesion\u00e1ln\u00ed outdoorov\u00e9 expedice a chr\u00e1n\u00ed jeho vnit\u0159n\u00ed elektroniku p\u0159ed slanou mlhou, vlhkost\u00ed a jemn\u00fdm p\u00edskem. <\/p>\n\n<figure class=\"wp-block-image size-full\"><img loading=\"lazy\" decoding=\"async\" width=\"1200\" height=\"1200\" src=\"https:\/\/blog.skylum.com\/wp-content\/uploads\/2026\/05\/humidity-and-fine-grit.jpg\" alt=\"Sloty pro pam&#x11B;&#x165;ov&#xE9; karty Sony A7V | Skylum Blog&#10;&#10;\" class=\"wp-image-305629\" srcset=\"https:\/\/blog.skylum.com\/wp-content\/uploads\/2026\/05\/humidity-and-fine-grit.jpg 1200w, https:\/\/blog.skylum.com\/wp-content\/uploads\/2026\/05\/humidity-and-fine-grit-768x768.jpg 768w, https:\/\/blog.skylum.com\/wp-content\/uploads\/2026\/05\/humidity-and-fine-grit-300x300.jpg 300w\" sizes=\"auto, (max-width: 1200px) 100vw, 1200px\" \/><\/figure>\n\n<p>Nejz\u00e1sadn\u011bj\u0161\u00edm vylep\u0161en\u00edm je \u010dty\u0159os\u00fd v\u00edce\u00faheln\u00edkov\u00fd monitor, kter\u00fd kombinuje flexibilitu v\u00fdklopn\u00e9 obrazovky se stabilitou nakl\u00e1p\u011bc\u00ed obrazovky. Umo\u017e\u0148uje snadnou kompozici ve vertik\u00e1ln\u00edm i horizont\u00e1ln\u00edm sm\u011bru.   <\/p>\n\n<figure class=\"wp-block-image size-full\"><img loading=\"lazy\" decoding=\"async\" width=\"1200\" height=\"929\" src=\"https:\/\/blog.skylum.com\/wp-content\/uploads\/2026\/05\/vertically-and-horizontally.jpg\" alt=\"Pohled na obrazovku Sony A7V | Skylum Blog&#10;&#10;\" class=\"wp-image-305674\" srcset=\"https:\/\/blog.skylum.com\/wp-content\/uploads\/2026\/05\/vertically-and-horizontally.jpg 1200w, https:\/\/blog.skylum.com\/wp-content\/uploads\/2026\/05\/vertically-and-horizontally-768x595.jpg 768w\" sizes=\"auto, (max-width: 1200px) 100vw, 1200px\" \/><\/figure>\n\n<p>Kvalita proveden\u00ed hardwaru ospravedl\u0148uje jeho cenu d\u00edky vynikaj\u00edc\u00ed konstrukci a zaji\u0161\u0165uje odolnost v drsn\u00e9m venkovn\u00edm prost\u0159ed\u00ed.<\/p>\n\n<h3 class=\"wp-block-heading\">Funkce p\u0159ipojen\u00ed a ukl\u00e1d\u00e1n\u00ed<\/h3>\n\n<p>Fotoapar\u00e1t Sony A7V slou\u017e\u00ed jako vysokorychlostn\u00ed centrum p\u0159ipojen\u00ed a vyu\u017e\u00edv\u00e1 technologii Wi-Fi 6E, kter\u00e1 umo\u017e\u0148uje rychl\u00fd p\u0159enos dat v p\u00e1smu 6 GHz. To se hod\u00ed zejm\u00e9na p\u0159i odes\u00edl\u00e1n\u00ed n\u00e1hled\u016f p\u0159esn\u011b podle p\u0159\u00e1n\u00ed klienta nebo p\u0159i jejich zve\u0159ej\u0148ov\u00e1n\u00ed prost\u0159ednictv\u00edm soci\u00e1ln\u00edch s\u00edt\u00ed. Dva pam\u011b\u0165ov\u00e9 sloty mohou p\u0159ij\u00edmat karty SD UHS-II i karty CFexpress typu A, co\u017e umo\u017e\u0148uje rychlost dostate\u010dnou k vypr\u00e1zdn\u011bn\u00ed vyrovn\u00e1vac\u00ed pam\u011bti s 30 sn\u00edmky za sekundu.  <\/p>\n\n<p>Funkce integrace CFexpress typu A maj\u00ed vysokou prioritu pro podporu videa s vysok\u00fdm datov\u00fdm tokem a je podporov\u00e1no nahr\u00e1v\u00e1n\u00ed i p\u0159ehr\u00e1v\u00e1n\u00ed v rozli\u0161en\u00ed 4K 120p bez v\u00fdpadk\u016f sn\u00edmk\u016f. D\u00edky tomu je Sony A7V skute\u010dn\u00fdm hybridem, proto\u017ee dok\u00e1\u017ee p\u0159ep\u00ednat mezi profesion\u00e1ln\u00edmi fotografiemi a \u0161pi\u010dkovou kvalitou filmov\u00e1n\u00ed stisknut\u00edm jedin\u00e9ho tla\u010d\u00edtka. <\/p>\n\n<h4 class=\"wp-block-heading\">Srovn\u00e1n\u00ed s p\u0159edchoz\u00edmi modely Sony A7<\/h4>\n\n<figure class=\"wp-block-image size-full\"><img loading=\"lazy\" decoding=\"async\" width=\"1200\" height=\"958\" src=\"https:\/\/blog.skylum.com\/wp-content\/uploads\/2026\/05\/comparison-with-previous-sony-a7-models.jpg\" alt=\"Sony A7 | Skylum Blog&#10;&#10;\" class=\"wp-image-305584\" srcset=\"https:\/\/blog.skylum.com\/wp-content\/uploads\/2026\/05\/comparison-with-previous-sony-a7-models.jpg 1200w, https:\/\/blog.skylum.com\/wp-content\/uploads\/2026\/05\/comparison-with-previous-sony-a7-models-768x613.jpg 768w\" sizes=\"auto, (max-width: 1200px) 100vw, 1200px\" \/><\/figure>\n\n<p>Ka\u017ed\u00e1 dal\u0161\u00ed verze s\u00e9rie m\u016f\u017ee zm\u011bnit pracovn\u00ed postupy fotografa. Nahrazen\u00ed tradi\u010dn\u00edch sn\u00edma\u010d\u016f skl\u00e1danou architekturou a p\u0159id\u00e1n\u00ed specializovan\u00fdch \u010dip\u016f pro zpracov\u00e1n\u00ed definuje p\u0159evl\u00e1daj\u00edc\u00ed pr\u016fmyslov\u00fd standard. <\/p>\n\n<figure class=\"wp-block-table\"><table class=\"has-fixed-layout\"><tbody><tr><td><strong>Funkce<\/strong><\/td><td><strong>Sony A7 III<\/strong><\/td><td><strong>Sony A7 IV<\/strong><\/td><td><strong>Sony A7V<\/strong><\/td><\/tr><tr><td><strong>Typ sn\u00edma\u010de<\/strong><\/td><td>BSI CMOS<\/td><td>BSI CMOS<\/td><td>\u010c\u00e1ste\u010dn\u011b naskl\u00e1dan\u00e9<\/td><\/tr><tr><td><strong>Rychlost v\u00fdboje<\/strong><\/td><td>10 fps<\/td><td>10 fps<\/td><td>30 sn\u00edmk\u016f za sekundu<\/td><\/tr><tr><td><strong>Kvalita videa<\/strong><\/td><td>4K 30p<\/td><td>4K 60p<\/td><td>4K 60p<\/td><\/tr><tr><td><strong>Jednotka AI<\/strong><\/td><td>\u017d\u00e1dn\u00e9<\/td><td>\u017d\u00e1dn\u00e9<\/td><td>Vyhrazen\u00fd \u010dip AI<\/td><\/tr><\/tbody><\/table><\/figure>\n\n<p>Sony A7V je v\u00edc ne\u017e jen vylep\u0161en\u00ed rozli\u0161en\u00ed. Rychlost \u010dten\u00ed, p\u0159\u00edtomnost modulu um\u011bl\u00e9 inteligence, kter\u00fd automatizuje nejn\u00e1ro\u010dn\u011bj\u0161\u00ed funkce ost\u0159en\u00ed a expozice, a automatizace t\u011bchto funkc\u00ed jsou hlavn\u00edmi rozli\u0161ovac\u00edmi znaky. <\/p>\n\n<h2 class=\"wp-block-heading\">Dopad na trh a zaji\u0161t\u011bn\u00ed budoucnosti<\/h2>\n\n<p>Vyd\u00e1n\u00ed fotoapar\u00e1tu Sony A7V na konci roku 2025 zm\u011bnilo pravidla hry na trhu bezzrcadlovek. Spole\u010dnost Sony zpochybnila konven\u010dn\u00ed konstrukci t\u011bla fotoapar\u00e1tu t\u00edm, \u017ee nab\u00eddla 30 sn\u00edmk\u016f za sekundu a skl\u00e1dan\u00e9 sn\u00edma\u010de. Pro u\u017eivatele, kte\u0159\u00ed hledaj\u00ed vynikaj\u00edc\u00ed fotoapar\u00e1ty, p\u0159edstavuje A7V levn\u011bj\u0161\u00ed, ale vyv\u00e1\u017een\u011bj\u0161\u00ed variantu ve srovn\u00e1n\u00ed s drahou \u0159adou &#8222;R&#8220;, zejm\u00e9na vzhledem k p\u0159\u00edstupu k aktu\u00e1ln\u00edmu softwaru pro ost\u0159en\u00ed a upscaling s podporou um\u011bl\u00e9 inteligence.  <\/p>\n\n<p>Kompatibilita ekosyst\u00e9mu Sony A7V zaru\u010duje, \u017ee fotoapar\u00e1t nevyjde z m\u00f3dy je\u0161t\u011b n\u011bkolik let. S dal\u0161\u00edm rozvojem um\u011bl\u00e9 inteligence se hojn\u00e1, vysokorychlostn\u00ed data stanou z\u00e1kladem pro budouc\u00ed metody generov\u00e1n\u00ed a obnovy \u00faprav. A\u0165 u\u017e bojujete s vodop\u00e1dem ve spreji, nebo s prachem pou\u0161t\u011b, Sony A7V poskytuje v\u00fdkon na \u00farovni, kter\u00e1 ospravedl\u0148uje jeho status p\u0159edn\u00edho hybridn\u00edho fotoapar\u00e1tu roku 2026.  <\/p>\n","protected":false},"excerpt":{"rendered":"<p>Seznamte se s technick\u00fdmi vlastnostmi fotoapar\u00e1tu Sony A7V a s t\u00edm, jak jeho vy\u0161\u0161\u00ed schopnosti sn\u00edma\u010de v kombinaci s aktu\u00e1ln\u00edmi postupy n\u00e1sledn\u00e9ho zpracov\u00e1n\u00ed vytv\u00e1\u0159ej\u00ed profesion\u00e1ln\u00ed v\u00fdstupy.<\/p>\n","protected":false},"author":91,"featured_media":305692,"comment_status":"open","ping_status":"open","sticky":false,"template":"","format":"standard","meta":{"_acf_changed":false,"_eb_attr":"","footnotes":""},"categories":[9],"tags":[],"class_list":["post-305708","post","type-post","status-publish","format-standard","has-post-thumbnail","hentry","category-uncategorized-cs"],"acf":[],"yoast_head":"<!-- This site is optimized with the Yoast SEO plugin v27.5 - https:\/\/yoast.com\/product\/yoast-seo-wordpress\/ -->\n<title>Recenze Sony A7V: \u00dapln\u00fd rozbor fotoapar\u00e1tu - Skylum&#039;s Blog<\/title>\n<meta name=\"robots\" content=\"index, follow, max-snippet:-1, max-image-preview:large, max-video-preview:-1\" \/>\n<link rel=\"canonical\" href=\"https:\/\/blog.skylum.com\/cs\/sony-a7v-review\/\" \/>\n<meta property=\"og:locale\" content=\"cs_CZ\" \/>\n<meta property=\"og:type\" content=\"article\" \/>\n<meta property=\"og:title\" content=\"Recenze Sony A7V: \u00dapln\u00fd rozbor fotoapar\u00e1tu - Skylum&#039;s Blog\" \/>\n<meta property=\"og:description\" content=\"Seznamte se s technick\u00fdmi vlastnostmi fotoapar\u00e1tu Sony A7V a s t\u00edm, jak jeho vy\u0161\u0161\u00ed schopnosti sn\u00edma\u010de v kombinaci s aktu\u00e1ln\u00edmi postupy n\u00e1sledn\u00e9ho zpracov\u00e1n\u00ed vytv\u00e1\u0159ej\u00ed profesion\u00e1ln\u00ed v\u00fdstupy.\" \/>\n<meta property=\"og:url\" content=\"https:\/\/blog.skylum.com\/cs\/sony-a7v-review\/\" \/>\n<meta property=\"og:site_name\" content=\"Skylum&#039;s Blog\" \/>\n<meta property=\"article:published_time\" content=\"2026-05-01T10:14:37+00:00\" \/>\n<meta property=\"article:modified_time\" content=\"2026-05-01T11:53:50+00:00\" \/>\n<meta property=\"og:image\" content=\"https:\/\/blog.skylum.com\/wp-content\/uploads\/2026\/05\/xipo.png\" \/>\n\t<meta property=\"og:image:width\" content=\"1010\" \/>\n\t<meta property=\"og:image:height\" content=\"535\" \/>\n\t<meta property=\"og:image:type\" content=\"image\/png\" \/>\n<meta name=\"author\" content=\"Anastasiya Shtanakova\" \/>\n<meta name=\"twitter:card\" content=\"summary_large_image\" \/>\n<meta name=\"twitter:label1\" content=\"Napsal(a)\" \/>\n\t<meta name=\"twitter:data1\" content=\"Anastasiya Shtanakova\" \/>\n\t<meta name=\"twitter:label2\" content=\"Odhadovan\u00e1 doba \u010dten\u00ed\" \/>\n\t<meta name=\"twitter:data2\" content=\"10 minut\" \/>\n<script type=\"application\/ld+json\" class=\"yoast-schema-graph\">{\"@context\":\"https:\\\/\\\/schema.org\",\"@graph\":[{\"@type\":\"Article\",\"@id\":\"https:\\\/\\\/blog.skylum.com\\\/cs\\\/sony-a7v-review\\\/#article\",\"isPartOf\":{\"@id\":\"https:\\\/\\\/blog.skylum.com\\\/cs\\\/sony-a7v-review\\\/\"},\"author\":{\"name\":\"Anastasiya Shtanakova\",\"@id\":\"https:\\\/\\\/blog.skylum.com\\\/cs\\\/#\\\/schema\\\/person\\\/c8cb4528536c8af4155a38ce1182b12a\"},\"headline\":\"Recenze Sony A7V: \u00dapln\u00fd rozbor fotoapar\u00e1tu\",\"datePublished\":\"2026-05-01T10:14:37+00:00\",\"dateModified\":\"2026-05-01T11:53:50+00:00\",\"mainEntityOfPage\":{\"@id\":\"https:\\\/\\\/blog.skylum.com\\\/cs\\\/sony-a7v-review\\\/\"},\"wordCount\":2040,\"commentCount\":0,\"publisher\":{\"@id\":\"https:\\\/\\\/blog.skylum.com\\\/cs\\\/#organization\"},\"image\":{\"@id\":\"https:\\\/\\\/blog.skylum.com\\\/cs\\\/sony-a7v-review\\\/#primaryimage\"},\"thumbnailUrl\":\"https:\\\/\\\/blog.skylum.com\\\/wp-content\\\/uploads\\\/2026\\\/05\\\/xipo.png\",\"articleSection\":[\"Uncategorized @cs\"],\"inLanguage\":\"cs\",\"potentialAction\":[{\"@type\":\"CommentAction\",\"name\":\"Comment\",\"target\":[\"https:\\\/\\\/blog.skylum.com\\\/cs\\\/sony-a7v-review\\\/#respond\"]}]},{\"@type\":\"WebPage\",\"@id\":\"https:\\\/\\\/blog.skylum.com\\\/cs\\\/sony-a7v-review\\\/\",\"url\":\"https:\\\/\\\/blog.skylum.com\\\/cs\\\/sony-a7v-review\\\/\",\"name\":\"Recenze Sony A7V: \u00dapln\u00fd rozbor fotoapar\u00e1tu - Skylum&#039;s Blog\",\"isPartOf\":{\"@id\":\"https:\\\/\\\/blog.skylum.com\\\/cs\\\/#website\"},\"primaryImageOfPage\":{\"@id\":\"https:\\\/\\\/blog.skylum.com\\\/cs\\\/sony-a7v-review\\\/#primaryimage\"},\"image\":{\"@id\":\"https:\\\/\\\/blog.skylum.com\\\/cs\\\/sony-a7v-review\\\/#primaryimage\"},\"thumbnailUrl\":\"https:\\\/\\\/blog.skylum.com\\\/wp-content\\\/uploads\\\/2026\\\/05\\\/xipo.png\",\"datePublished\":\"2026-05-01T10:14:37+00:00\",\"dateModified\":\"2026-05-01T11:53:50+00:00\",\"breadcrumb\":{\"@id\":\"https:\\\/\\\/blog.skylum.com\\\/cs\\\/sony-a7v-review\\\/#breadcrumb\"},\"inLanguage\":\"cs\",\"potentialAction\":[{\"@type\":\"ReadAction\",\"target\":[\"https:\\\/\\\/blog.skylum.com\\\/cs\\\/sony-a7v-review\\\/\"]}]},{\"@type\":\"ImageObject\",\"inLanguage\":\"cs\",\"@id\":\"https:\\\/\\\/blog.skylum.com\\\/cs\\\/sony-a7v-review\\\/#primaryimage\",\"url\":\"https:\\\/\\\/blog.skylum.com\\\/wp-content\\\/uploads\\\/2026\\\/05\\\/xipo.png\",\"contentUrl\":\"https:\\\/\\\/blog.skylum.com\\\/wp-content\\\/uploads\\\/2026\\\/05\\\/xipo.png\",\"width\":1010,\"height\":535},{\"@type\":\"BreadcrumbList\",\"@id\":\"https:\\\/\\\/blog.skylum.com\\\/cs\\\/sony-a7v-review\\\/#breadcrumb\",\"itemListElement\":[{\"@type\":\"ListItem\",\"position\":1,\"name\":\"Home\",\"item\":\"https:\\\/\\\/blog.skylum.com\\\/cs\\\/\"},{\"@type\":\"ListItem\",\"position\":2,\"name\":\"Recenze Sony A7V: \u00dapln\u00fd rozbor fotoapar\u00e1tu\"}]},{\"@type\":\"WebSite\",\"@id\":\"https:\\\/\\\/blog.skylum.com\\\/cs\\\/#website\",\"url\":\"https:\\\/\\\/blog.skylum.com\\\/cs\\\/\",\"name\":\"Skylum&#039;s Blog\",\"description\":\"\",\"publisher\":{\"@id\":\"https:\\\/\\\/blog.skylum.com\\\/cs\\\/#organization\"},\"potentialAction\":[{\"@type\":\"SearchAction\",\"target\":{\"@type\":\"EntryPoint\",\"urlTemplate\":\"https:\\\/\\\/blog.skylum.com\\\/cs\\\/?s={search_term_string}\"},\"query-input\":{\"@type\":\"PropertyValueSpecification\",\"valueRequired\":true,\"valueName\":\"search_term_string\"}}],\"inLanguage\":\"cs\"},{\"@type\":\"Organization\",\"@id\":\"https:\\\/\\\/blog.skylum.com\\\/cs\\\/#organization\",\"name\":\"Skylum&#039;s Blog\",\"url\":\"https:\\\/\\\/blog.skylum.com\\\/cs\\\/\",\"logo\":{\"@type\":\"ImageObject\",\"inLanguage\":\"cs\",\"@id\":\"https:\\\/\\\/blog.skylum.com\\\/cs\\\/#\\\/schema\\\/logo\\\/image\\\/\",\"url\":\"https:\\\/\\\/blog.skylum.com\\\/wp-content\\\/uploads\\\/2026\\\/02\\\/SKYLUM_logo_white.svg\",\"contentUrl\":\"https:\\\/\\\/blog.skylum.com\\\/wp-content\\\/uploads\\\/2026\\\/02\\\/SKYLUM_logo_white.svg\",\"caption\":\"Skylum&#039;s Blog\"},\"image\":{\"@id\":\"https:\\\/\\\/blog.skylum.com\\\/cs\\\/#\\\/schema\\\/logo\\\/image\\\/\"}},{\"@type\":\"Person\",\"@id\":\"https:\\\/\\\/blog.skylum.com\\\/cs\\\/#\\\/schema\\\/person\\\/c8cb4528536c8af4155a38ce1182b12a\",\"name\":\"Anastasiya Shtanakova\",\"image\":{\"@type\":\"ImageObject\",\"inLanguage\":\"cs\",\"@id\":\"https:\\\/\\\/secure.gravatar.com\\\/avatar\\\/bf4b6d48aefcee9b26a1196254659c009d1668983cfef5324fd0bd64a254cd60?s=96&d=mm&r=g\",\"url\":\"https:\\\/\\\/secure.gravatar.com\\\/avatar\\\/bf4b6d48aefcee9b26a1196254659c009d1668983cfef5324fd0bd64a254cd60?s=96&d=mm&r=g\",\"contentUrl\":\"https:\\\/\\\/secure.gravatar.com\\\/avatar\\\/bf4b6d48aefcee9b26a1196254659c009d1668983cfef5324fd0bd64a254cd60?s=96&d=mm&r=g\",\"caption\":\"Anastasiya Shtanakova\"},\"description\":\"I find immense joy in connecting with people and capturing their essence through my unique perspective and camera lens. Primarily a portrait photographer, my portfolio is rich with images of individuals, each telling their own story. Beyond the camera, my passion extends to meeting a diverse range of people, learning about their interests and narratives, and bringing those stories to life in my post-production work.\",\"sameAs\":[\"https:\\\/\\\/instagram.com\\\/fight_like_a_banana\"],\"url\":\"https:\\\/\\\/blog.skylum.com\\\/cs\\\/author\\\/anastasiya-shtanakova\\\/\"}]}<\/script>\n<!-- \/ Yoast SEO plugin. -->","yoast_head_json":{"title":"Recenze Sony A7V: \u00dapln\u00fd rozbor fotoapar\u00e1tu - Skylum&#039;s Blog","robots":{"index":"index","follow":"follow","max-snippet":"max-snippet:-1","max-image-preview":"max-image-preview:large","max-video-preview":"max-video-preview:-1"},"canonical":"https:\/\/blog.skylum.com\/cs\/sony-a7v-review\/","og_locale":"cs_CZ","og_type":"article","og_title":"Recenze Sony A7V: \u00dapln\u00fd rozbor fotoapar\u00e1tu - Skylum&#039;s Blog","og_description":"Seznamte se s technick\u00fdmi vlastnostmi fotoapar\u00e1tu Sony A7V a s t\u00edm, jak jeho vy\u0161\u0161\u00ed schopnosti sn\u00edma\u010de v kombinaci s aktu\u00e1ln\u00edmi postupy n\u00e1sledn\u00e9ho zpracov\u00e1n\u00ed vytv\u00e1\u0159ej\u00ed profesion\u00e1ln\u00ed v\u00fdstupy.","og_url":"https:\/\/blog.skylum.com\/cs\/sony-a7v-review\/","og_site_name":"Skylum&#039;s Blog","article_published_time":"2026-05-01T10:14:37+00:00","article_modified_time":"2026-05-01T11:53:50+00:00","og_image":[{"width":1010,"height":535,"url":"https:\/\/blog.skylum.com\/wp-content\/uploads\/2026\/05\/xipo.png","type":"image\/png"}],"author":"Anastasiya Shtanakova","twitter_card":"summary_large_image","twitter_misc":{"Napsal(a)":"Anastasiya Shtanakova","Odhadovan\u00e1 doba \u010dten\u00ed":"10 minut"},"schema":{"@context":"https:\/\/schema.org","@graph":[{"@type":"Article","@id":"https:\/\/blog.skylum.com\/cs\/sony-a7v-review\/#article","isPartOf":{"@id":"https:\/\/blog.skylum.com\/cs\/sony-a7v-review\/"},"author":{"name":"Anastasiya Shtanakova","@id":"https:\/\/blog.skylum.com\/cs\/#\/schema\/person\/c8cb4528536c8af4155a38ce1182b12a"},"headline":"Recenze Sony A7V: \u00dapln\u00fd rozbor fotoapar\u00e1tu","datePublished":"2026-05-01T10:14:37+00:00","dateModified":"2026-05-01T11:53:50+00:00","mainEntityOfPage":{"@id":"https:\/\/blog.skylum.com\/cs\/sony-a7v-review\/"},"wordCount":2040,"commentCount":0,"publisher":{"@id":"https:\/\/blog.skylum.com\/cs\/#organization"},"image":{"@id":"https:\/\/blog.skylum.com\/cs\/sony-a7v-review\/#primaryimage"},"thumbnailUrl":"https:\/\/blog.skylum.com\/wp-content\/uploads\/2026\/05\/xipo.png","articleSection":["Uncategorized @cs"],"inLanguage":"cs","potentialAction":[{"@type":"CommentAction","name":"Comment","target":["https:\/\/blog.skylum.com\/cs\/sony-a7v-review\/#respond"]}]},{"@type":"WebPage","@id":"https:\/\/blog.skylum.com\/cs\/sony-a7v-review\/","url":"https:\/\/blog.skylum.com\/cs\/sony-a7v-review\/","name":"Recenze Sony A7V: \u00dapln\u00fd rozbor fotoapar\u00e1tu - Skylum&#039;s Blog","isPartOf":{"@id":"https:\/\/blog.skylum.com\/cs\/#website"},"primaryImageOfPage":{"@id":"https:\/\/blog.skylum.com\/cs\/sony-a7v-review\/#primaryimage"},"image":{"@id":"https:\/\/blog.skylum.com\/cs\/sony-a7v-review\/#primaryimage"},"thumbnailUrl":"https:\/\/blog.skylum.com\/wp-content\/uploads\/2026\/05\/xipo.png","datePublished":"2026-05-01T10:14:37+00:00","dateModified":"2026-05-01T11:53:50+00:00","breadcrumb":{"@id":"https:\/\/blog.skylum.com\/cs\/sony-a7v-review\/#breadcrumb"},"inLanguage":"cs","potentialAction":[{"@type":"ReadAction","target":["https:\/\/blog.skylum.com\/cs\/sony-a7v-review\/"]}]},{"@type":"ImageObject","inLanguage":"cs","@id":"https:\/\/blog.skylum.com\/cs\/sony-a7v-review\/#primaryimage","url":"https:\/\/blog.skylum.com\/wp-content\/uploads\/2026\/05\/xipo.png","contentUrl":"https:\/\/blog.skylum.com\/wp-content\/uploads\/2026\/05\/xipo.png","width":1010,"height":535},{"@type":"BreadcrumbList","@id":"https:\/\/blog.skylum.com\/cs\/sony-a7v-review\/#breadcrumb","itemListElement":[{"@type":"ListItem","position":1,"name":"Home","item":"https:\/\/blog.skylum.com\/cs\/"},{"@type":"ListItem","position":2,"name":"Recenze Sony A7V: \u00dapln\u00fd rozbor fotoapar\u00e1tu"}]},{"@type":"WebSite","@id":"https:\/\/blog.skylum.com\/cs\/#website","url":"https:\/\/blog.skylum.com\/cs\/","name":"Skylum&#039;s Blog","description":"","publisher":{"@id":"https:\/\/blog.skylum.com\/cs\/#organization"},"potentialAction":[{"@type":"SearchAction","target":{"@type":"EntryPoint","urlTemplate":"https:\/\/blog.skylum.com\/cs\/?s={search_term_string}"},"query-input":{"@type":"PropertyValueSpecification","valueRequired":true,"valueName":"search_term_string"}}],"inLanguage":"cs"},{"@type":"Organization","@id":"https:\/\/blog.skylum.com\/cs\/#organization","name":"Skylum&#039;s Blog","url":"https:\/\/blog.skylum.com\/cs\/","logo":{"@type":"ImageObject","inLanguage":"cs","@id":"https:\/\/blog.skylum.com\/cs\/#\/schema\/logo\/image\/","url":"https:\/\/blog.skylum.com\/wp-content\/uploads\/2026\/02\/SKYLUM_logo_white.svg","contentUrl":"https:\/\/blog.skylum.com\/wp-content\/uploads\/2026\/02\/SKYLUM_logo_white.svg","caption":"Skylum&#039;s Blog"},"image":{"@id":"https:\/\/blog.skylum.com\/cs\/#\/schema\/logo\/image\/"}},{"@type":"Person","@id":"https:\/\/blog.skylum.com\/cs\/#\/schema\/person\/c8cb4528536c8af4155a38ce1182b12a","name":"Anastasiya Shtanakova","image":{"@type":"ImageObject","inLanguage":"cs","@id":"https:\/\/secure.gravatar.com\/avatar\/bf4b6d48aefcee9b26a1196254659c009d1668983cfef5324fd0bd64a254cd60?s=96&d=mm&r=g","url":"https:\/\/secure.gravatar.com\/avatar\/bf4b6d48aefcee9b26a1196254659c009d1668983cfef5324fd0bd64a254cd60?s=96&d=mm&r=g","contentUrl":"https:\/\/secure.gravatar.com\/avatar\/bf4b6d48aefcee9b26a1196254659c009d1668983cfef5324fd0bd64a254cd60?s=96&d=mm&r=g","caption":"Anastasiya Shtanakova"},"description":"I find immense joy in connecting with people and capturing their essence through my unique perspective and camera lens. Primarily a portrait photographer, my portfolio is rich with images of individuals, each telling their own story. Beyond the camera, my passion extends to meeting a diverse range of people, learning about their interests and narratives, and bringing those stories to life in my post-production work.","sameAs":["https:\/\/instagram.com\/fight_like_a_banana"],"url":"https:\/\/blog.skylum.com\/cs\/author\/anastasiya-shtanakova\/"}]}},"_links":{"self":[{"href":"https:\/\/blog.skylum.com\/cs\/wp-json\/wp\/v2\/posts\/305708","targetHints":{"allow":["GET"]}}],"collection":[{"href":"https:\/\/blog.skylum.com\/cs\/wp-json\/wp\/v2\/posts"}],"about":[{"href":"https:\/\/blog.skylum.com\/cs\/wp-json\/wp\/v2\/types\/post"}],"author":[{"embeddable":true,"href":"https:\/\/blog.skylum.com\/cs\/wp-json\/wp\/v2\/users\/91"}],"replies":[{"embeddable":true,"href":"https:\/\/blog.skylum.com\/cs\/wp-json\/wp\/v2\/comments?post=305708"}],"version-history":[{"count":0,"href":"https:\/\/blog.skylum.com\/cs\/wp-json\/wp\/v2\/posts\/305708\/revisions"}],"wp:featuredmedia":[{"embeddable":true,"href":"https:\/\/blog.skylum.com\/cs\/wp-json\/wp\/v2\/media\/305692"}],"wp:attachment":[{"href":"https:\/\/blog.skylum.com\/cs\/wp-json\/wp\/v2\/media?parent=305708"}],"wp:term":[{"taxonomy":"category","embeddable":true,"href":"https:\/\/blog.skylum.com\/cs\/wp-json\/wp\/v2\/categories?post=305708"},{"taxonomy":"post_tag","embeddable":true,"href":"https:\/\/blog.skylum.com\/cs\/wp-json\/wp\/v2\/tags?post=305708"}],"curies":[{"name":"wp","href":"https:\/\/api.w.org\/{rel}","templated":true}]}}