
{"id":281543,"date":"2018-05-24T00:00:00","date_gmt":"2018-05-24T00:00:00","guid":{"rendered":"https:\/\/blog.skylum.com\/dsgvo-was-bedeutet-der-neue-datenschutz-fr-mich-als-fotograf\/"},"modified":"2026-03-21T07:40:41","modified_gmt":"2026-03-21T07:40:41","slug":"dsgvo-was-bedeutet-der-neue-datenschutz-fr-mich-als-fotograf","status":"publish","type":"post","link":"https:\/\/blog.skylum.com\/de\/dsgvo-was-bedeutet-der-neue-datenschutz-fr-mich-als-fotograf\/","title":{"rendered":"DSGVO: Was bedeutet der neue Datenschutz f\u00fcr mich als Fotograf?"},"content":{"rendered":"<p>Fakt ist: Sobald du eine Person fotografierst, fallen personenbeziehbare Daten an. Denn die&nbsp;fotografierten Menschen k\u00f6nnen anhand ihrer pers\u00f6nlichen Merkmale wie beispielsweise&nbsp;durch Gesichtsz\u00fcge und Statur identifiziert werden, auch und gerade durch die Verkn\u00fcpfung&nbsp;mit Metadaten wie Ort- und Zeitstempeln.<\/p>\n<p>Fakt ist auch: Im Datenschutzrecht gilt der Grundsatz, dass die Erhebung von&nbsp;personenbezogenen bzw. personenbeziehbaren Daten <b>verboten<\/b> ist, sofern keine rechtliche&nbsp;Erlaubnis vorliegt (Art. 6 Abs. 1 DSGVO). Zudem w\u00e4ren die betroffenen Personen \u00fcber die&nbsp;Datenverarbeitung zu informieren (Art. 13 f. DSGVO). Aber wie soll das in der Praxis&nbsp;funktionieren? Stell dir vor, dass jede Person, die bei einer Aufnahme des K\u00f6lner Doms&nbsp;zuf\u00e4llig mit auf dem Foto ist, um Erlaubnis gefragt werden und zudem \u00fcber die weitere&nbsp;Verwendung des Fotos aufgekl\u00e4rt werden m\u00fcsste. Horror, ein nicht vorstellbares Szenario.<\/p>\n<p>Neulich in Hamburg: Der hansest\u00e4dtische Beauftragte f\u00fcr Datenschutz und&nbsp;Informationsfreiheit hat einen Vermerk herausgegeben, der sich der Problematik des&nbsp;Fotografierens in der \u00d6ffentlichkeit widmet. Dabei geht es nicht um journalistische oder&nbsp;private Aufnahmen, denn letztere unterliegen gem. Art. 2 Abs. 2 lit. c ohnehin nicht der&nbsp;DSGVO. Vielmehr geht es um das <b>Fotografieren einer un\u00fcberschaubaren Anzahl von&nbsp;<\/b><b>Menschen oder von solchen, die als Beiwerk auf einem Foto zu erkennen sind.<\/b> Eine&nbsp;Einwilligung von allen Abgebildeten einholen? Untauglich.<\/p>\n<p><img decoding=\"async\" src=\"https:\/\/blog.skylum.com\/wp-content\/uploads\/2018\/05\/15271665695b06b66931e054.74745233.webp\" data-pin-nopin=\"true\" ><span >Der Hamburgische Beauftrage meint: Nach Art. 11 DSGVO bist du nicht verpflichtet, die auf&nbsp;deinem Foto abgelichteten Personen zu identifizieren, nur um ihnen die Informationen nach&nbsp;Art. 13 und 14 DSGVO zukommen zu lassen. Weil: <\/span><b >Die Identifizierung der Personen w\u00fcrde&nbsp;<\/b><b >einen tieferen Eingriff in ihr Pers\u00f6nlichkeitsrecht darstellen, als die eigentlich geforderte&nbsp;Informations\u00fcbermittlung.<\/b><\/p>\n<p>Wer dieser Interpretation nicht folgen will, dem bietet der Beauftragte eine weitere: So ist&nbsp;zun\u00e4chst zwischen der Anwendbarkeit von Art. 13 und Art. 14 DSGVO zu unterscheiden, da&nbsp;sich diese gegenseitig ausschlie\u00dfen. Art. 14 Abs. 5 enth\u00e4lt im Gegensatz zu Art. 13 eine&nbsp;Ausnahme von der Informationspflicht: <b>Personen m\u00fcssen \u00fcber ihre Pr\u00e4senz auf einem Foto&nbsp;<\/b><b>nicht informiert werden, wenn die Personenbeziehbarkeit f\u00fcr den Fotografen nicht&nbsp;<\/b><b>m\u00f6glich ist oder das Informieren nur mit einem unverh\u00e4ltnism\u00e4\u00dfigen Aufwand einhergeht.<\/b>&nbsp;Eins von beiden ist ja in der Praxis zumeist der Fall. Pauschal gesagt bedeutet das, dass&nbsp;Aufnahmen, die zu kommerziellen oder k\u00fcnstlerischen Zwecken gefertigt werden, nicht der&nbsp;Informationspflicht unterliegen. <b><u>Ergo die gute Nachricht f\u00fcr alle Hobbyfotografen: In&nbsp;<\/u><\/b><b><u>unserem Foto- Alltag \u00e4ndert sich praktisch nichts.&nbsp;<\/u><\/b>Das sieht mittlerweile auch offiziell der Gesetzgeber, genauer gesagt der Bundesminister des&nbsp;Innern, Bau und Heimat, so und stellt klar: \u201eDie Annahme, dass die DSGVO dem Anfertigen&nbsp;von Fotografien entgegenstehe, ist unzutreffend. F\u00fcr die Ver\u00f6ffentlichung von&nbsp;Fotografien bleibt das Kunsturhebergesetz auch unter der ab dem 25. Mai 2018&nbsp;anwendbaren Datenschutz-Grundverordnung erhalten. Es sind keine \u00c4nderungen oder&nbsp;gar eine Aufhebung mit Blick auf die Datenschutz-Grundverordnung vorgesehen.<\/p>\n<p>Und weiter: \u201eDie Ansicht, das Kunsturhebergesetz werde durch die DSGVO ab dem 25.&nbsp;Mai 2018 verdr\u00e4ngt, ist falsch. &#8230; <b>Das Kunsturhebergesetz steht nicht im Widerspruch&nbsp;<\/b><b>zur DSGVO,<\/b> sondern f\u00fcgt sich als Teil der deutschen Anpassungsgesetzgebung in das&nbsp;System der DSGVO ein. Eine gesetzliche Regelung zur Fortgeltung des&nbsp;Kunsturhebergesetzes ist nicht erforderlich.\u201c<\/p>\n","protected":false},"excerpt":{"rendered":"<p>So ziemlich alle Fotografien mit \u201eMenschen drauf\u201c fallen unter den Begriff der \u201epersonenbeziehbaren Daten\u201c und unterliegen damit den Regelungen der vieldiskutierten neuen Datenschutzverordnung. Aber keine Angst: Mittlerweile gibt es Klarheit.<\/p>\n","protected":false},"author":85,"featured_media":281544,"comment_status":"open","ping_status":"open","sticky":false,"template":"","format":"standard","meta":{"_acf_changed":false,"_eb_attr":"","footnotes":""},"categories":[1],"tags":[],"class_list":["post-281543","post","type-post","status-publish","format-standard","has-post-thumbnail","hentry","category-uncategorized"],"acf":[],"yoast_head":"<!-- This site is optimized with the Yoast SEO plugin v27.5 - https:\/\/yoast.com\/product\/yoast-seo-wordpress\/ -->\n<title>DSGVO: Was bedeutet der neue Datenschutz f\u00fcr mich als Fotograf?<\/title>\n<meta name=\"description\" content=\"So ziemlich alle Fotografien mit \u201eMenschen drauf\u201c fallen unter den Begriff der \u201epersonenbeziehbaren Daten\u201c und unterliegen damit den Regelungen der vieldiskutierten neuen Datenschutzverordnung. Aber keine Angst: Mittlerweile gibt es Klarheit.\" \/>\n<meta name=\"robots\" content=\"index, follow, max-snippet:-1, max-image-preview:large, max-video-preview:-1\" \/>\n<link rel=\"canonical\" href=\"https:\/\/blog.skylum.com\/de\/dsgvo-was-bedeutet-der-neue-datenschutz-fr-mich-als-fotograf\/\" \/>\n<meta property=\"og:locale\" content=\"de_DE\" \/>\n<meta property=\"og:type\" content=\"article\" \/>\n<meta property=\"og:title\" content=\"DSGVO: Was bedeutet der neue Datenschutz f\u00fcr mich als Fotograf?\" \/>\n<meta property=\"og:description\" content=\"So ziemlich alle Fotografien mit \u201eMenschen drauf\u201c fallen unter den Begriff der \u201epersonenbeziehbaren Daten\u201c und unterliegen damit den Regelungen der vieldiskutierten neuen Datenschutzverordnung. Aber keine Angst: Mittlerweile gibt es Klarheit.\" \/>\n<meta property=\"og:url\" content=\"https:\/\/blog.skylum.com\/de\/dsgvo-was-bedeutet-der-neue-datenschutz-fr-mich-als-fotograf\/\" \/>\n<meta property=\"og:site_name\" content=\"Skylum&#039;s Blog\" \/>\n<meta property=\"article:author\" content=\"https:\/\/www.facebook.com\/luminarglobal\" \/>\n<meta property=\"article:published_time\" content=\"2018-05-24T00:00:00+00:00\" \/>\n<meta property=\"article:modified_time\" content=\"2026-03-21T07:40:41+00:00\" \/>\n<meta property=\"og:image\" content=\"https:\/\/blog.skylum.com\/wp-content\/uploads\/2018\/05\/GDPR_BIG.webp\" \/>\n\t<meta property=\"og:image:width\" content=\"1920\" \/>\n\t<meta property=\"og:image:height\" content=\"648\" \/>\n\t<meta property=\"og:image:type\" content=\"image\/webp\" \/>\n<meta name=\"author\" content=\"Team Skylum\" \/>\n<meta name=\"twitter:card\" content=\"summary_large_image\" \/>\n<meta name=\"twitter:creator\" content=\"@https:\/\/twitter.com\/Luminar_Global\" \/>\n<meta name=\"twitter:label1\" content=\"Verfasst von\" \/>\n\t<meta name=\"twitter:data1\" content=\"Team Skylum\" \/>\n\t<meta name=\"twitter:label2\" content=\"Gesch\u00e4tzte Lesezeit\" \/>\n\t<meta name=\"twitter:data2\" content=\"3\u00a0Minuten\" \/>\n<script type=\"application\/ld+json\" class=\"yoast-schema-graph\">{\"@context\":\"https:\\\/\\\/schema.org\",\"@graph\":[{\"@type\":\"Article\",\"@id\":\"https:\\\/\\\/blog.skylum.com\\\/de\\\/dsgvo-was-bedeutet-der-neue-datenschutz-fr-mich-als-fotograf\\\/#article\",\"isPartOf\":{\"@id\":\"https:\\\/\\\/blog.skylum.com\\\/de\\\/dsgvo-was-bedeutet-der-neue-datenschutz-fr-mich-als-fotograf\\\/\"},\"author\":{\"name\":\"Team Skylum\",\"@id\":\"https:\\\/\\\/blog.skylum.com\\\/de\\\/#\\\/schema\\\/person\\\/24ce0459a19d17c96d4504954bbdf117\"},\"headline\":\"DSGVO: Was bedeutet der neue Datenschutz f\u00fcr mich als Fotograf?\",\"datePublished\":\"2018-05-24T00:00:00+00:00\",\"dateModified\":\"2026-03-21T07:40:41+00:00\",\"mainEntityOfPage\":{\"@id\":\"https:\\\/\\\/blog.skylum.com\\\/de\\\/dsgvo-was-bedeutet-der-neue-datenschutz-fr-mich-als-fotograf\\\/\"},\"wordCount\":555,\"commentCount\":0,\"publisher\":{\"@id\":\"https:\\\/\\\/blog.skylum.com\\\/de\\\/#organization\"},\"image\":{\"@id\":\"https:\\\/\\\/blog.skylum.com\\\/de\\\/dsgvo-was-bedeutet-der-neue-datenschutz-fr-mich-als-fotograf\\\/#primaryimage\"},\"thumbnailUrl\":\"https:\\\/\\\/blog.skylum.com\\\/wp-content\\\/uploads\\\/2018\\\/05\\\/GDPR_BIG.webp\",\"articleSection\":[\"Uncategorized\"],\"inLanguage\":\"de\",\"potentialAction\":[{\"@type\":\"CommentAction\",\"name\":\"Comment\",\"target\":[\"https:\\\/\\\/blog.skylum.com\\\/de\\\/dsgvo-was-bedeutet-der-neue-datenschutz-fr-mich-als-fotograf\\\/#respond\"]}]},{\"@type\":\"WebPage\",\"@id\":\"https:\\\/\\\/blog.skylum.com\\\/de\\\/dsgvo-was-bedeutet-der-neue-datenschutz-fr-mich-als-fotograf\\\/\",\"url\":\"https:\\\/\\\/blog.skylum.com\\\/de\\\/dsgvo-was-bedeutet-der-neue-datenschutz-fr-mich-als-fotograf\\\/\",\"name\":\"DSGVO: Was bedeutet der neue Datenschutz f\u00fcr mich als Fotograf?\",\"isPartOf\":{\"@id\":\"https:\\\/\\\/blog.skylum.com\\\/de\\\/#website\"},\"primaryImageOfPage\":{\"@id\":\"https:\\\/\\\/blog.skylum.com\\\/de\\\/dsgvo-was-bedeutet-der-neue-datenschutz-fr-mich-als-fotograf\\\/#primaryimage\"},\"image\":{\"@id\":\"https:\\\/\\\/blog.skylum.com\\\/de\\\/dsgvo-was-bedeutet-der-neue-datenschutz-fr-mich-als-fotograf\\\/#primaryimage\"},\"thumbnailUrl\":\"https:\\\/\\\/blog.skylum.com\\\/wp-content\\\/uploads\\\/2018\\\/05\\\/GDPR_BIG.webp\",\"datePublished\":\"2018-05-24T00:00:00+00:00\",\"dateModified\":\"2026-03-21T07:40:41+00:00\",\"description\":\"So ziemlich alle Fotografien mit \u201eMenschen drauf\u201c fallen unter den Begriff der \u201epersonenbeziehbaren Daten\u201c und unterliegen damit den Regelungen der vieldiskutierten neuen Datenschutzverordnung. Aber keine Angst: Mittlerweile gibt es Klarheit.\",\"breadcrumb\":{\"@id\":\"https:\\\/\\\/blog.skylum.com\\\/de\\\/dsgvo-was-bedeutet-der-neue-datenschutz-fr-mich-als-fotograf\\\/#breadcrumb\"},\"inLanguage\":\"de\",\"potentialAction\":[{\"@type\":\"ReadAction\",\"target\":[\"https:\\\/\\\/blog.skylum.com\\\/de\\\/dsgvo-was-bedeutet-der-neue-datenschutz-fr-mich-als-fotograf\\\/\"]}]},{\"@type\":\"ImageObject\",\"inLanguage\":\"de\",\"@id\":\"https:\\\/\\\/blog.skylum.com\\\/de\\\/dsgvo-was-bedeutet-der-neue-datenschutz-fr-mich-als-fotograf\\\/#primaryimage\",\"url\":\"https:\\\/\\\/blog.skylum.com\\\/wp-content\\\/uploads\\\/2018\\\/05\\\/GDPR_BIG.webp\",\"contentUrl\":\"https:\\\/\\\/blog.skylum.com\\\/wp-content\\\/uploads\\\/2018\\\/05\\\/GDPR_BIG.webp\",\"width\":1920,\"height\":648},{\"@type\":\"BreadcrumbList\",\"@id\":\"https:\\\/\\\/blog.skylum.com\\\/de\\\/dsgvo-was-bedeutet-der-neue-datenschutz-fr-mich-als-fotograf\\\/#breadcrumb\",\"itemListElement\":[{\"@type\":\"ListItem\",\"position\":1,\"name\":\"Home\",\"item\":\"https:\\\/\\\/blog.skylum.com\\\/de\\\/\"},{\"@type\":\"ListItem\",\"position\":2,\"name\":\"DSGVO: Was bedeutet der neue Datenschutz f\u00fcr mich als Fotograf?\"}]},{\"@type\":\"WebSite\",\"@id\":\"https:\\\/\\\/blog.skylum.com\\\/de\\\/#website\",\"url\":\"https:\\\/\\\/blog.skylum.com\\\/de\\\/\",\"name\":\"Skylum&#039;s Blog\",\"description\":\"\",\"publisher\":{\"@id\":\"https:\\\/\\\/blog.skylum.com\\\/de\\\/#organization\"},\"potentialAction\":[{\"@type\":\"SearchAction\",\"target\":{\"@type\":\"EntryPoint\",\"urlTemplate\":\"https:\\\/\\\/blog.skylum.com\\\/de\\\/?s={search_term_string}\"},\"query-input\":{\"@type\":\"PropertyValueSpecification\",\"valueRequired\":true,\"valueName\":\"search_term_string\"}}],\"inLanguage\":\"de\"},{\"@type\":\"Organization\",\"@id\":\"https:\\\/\\\/blog.skylum.com\\\/de\\\/#organization\",\"name\":\"Skylum&#039;s Blog\",\"url\":\"https:\\\/\\\/blog.skylum.com\\\/de\\\/\",\"logo\":{\"@type\":\"ImageObject\",\"inLanguage\":\"de\",\"@id\":\"https:\\\/\\\/blog.skylum.com\\\/de\\\/#\\\/schema\\\/logo\\\/image\\\/\",\"url\":\"https:\\\/\\\/blog.skylum.com\\\/wp-content\\\/uploads\\\/2026\\\/02\\\/SKYLUM_logo_white.svg\",\"contentUrl\":\"https:\\\/\\\/blog.skylum.com\\\/wp-content\\\/uploads\\\/2026\\\/02\\\/SKYLUM_logo_white.svg\",\"caption\":\"Skylum&#039;s Blog\"},\"image\":{\"@id\":\"https:\\\/\\\/blog.skylum.com\\\/de\\\/#\\\/schema\\\/logo\\\/image\\\/\"}},{\"@type\":\"Person\",\"@id\":\"https:\\\/\\\/blog.skylum.com\\\/de\\\/#\\\/schema\\\/person\\\/24ce0459a19d17c96d4504954bbdf117\",\"name\":\"Team Skylum\",\"image\":{\"@type\":\"ImageObject\",\"inLanguage\":\"de\",\"@id\":\"https:\\\/\\\/secure.gravatar.com\\\/avatar\\\/cb1b30d4c11c3b071b6d7e6eda4b8d7b6b1553ca2885b47446d3637c94652c14?s=96&d=mm&r=g\",\"url\":\"https:\\\/\\\/secure.gravatar.com\\\/avatar\\\/cb1b30d4c11c3b071b6d7e6eda4b8d7b6b1553ca2885b47446d3637c94652c14?s=96&d=mm&r=g\",\"contentUrl\":\"https:\\\/\\\/secure.gravatar.com\\\/avatar\\\/cb1b30d4c11c3b071b6d7e6eda4b8d7b6b1553ca2885b47446d3637c94652c14?s=96&d=mm&r=g\",\"caption\":\"Team Skylum\"},\"description\":\"Our team of passionate photography enthusiasts at Skylum has been committed to assisting you in discovering the world through your lens for over a decade. We're dedicated to providing photographers like you with easy-to-use tools and valuable resources to help you capture your vision and produce beautiful photos. Our articles are filled with friendly tips, industry insights, and inspiring stories from other creative individuals in photography. Together, we can help you grow your photography skills to new heights. Join us on this exciting journey of exploration, creativity, and growth.\",\"sameAs\":[\"https:\\\/\\\/www.facebook.com\\\/luminarglobal\",\"https:\\\/\\\/x.com\\\/https:\\\/\\\/twitter.com\\\/Luminar_Global\"],\"url\":\"https:\\\/\\\/blog.skylum.com\\\/de\\\/author\\\/team-skylum\\\/\"}]}<\/script>\n<!-- \/ Yoast SEO plugin. -->","yoast_head_json":{"title":"DSGVO: Was bedeutet der neue Datenschutz f\u00fcr mich als Fotograf?","description":"So ziemlich alle Fotografien mit \u201eMenschen drauf\u201c fallen unter den Begriff der \u201epersonenbeziehbaren Daten\u201c und unterliegen damit den Regelungen der vieldiskutierten neuen Datenschutzverordnung. Aber keine Angst: Mittlerweile gibt es Klarheit.","robots":{"index":"index","follow":"follow","max-snippet":"max-snippet:-1","max-image-preview":"max-image-preview:large","max-video-preview":"max-video-preview:-1"},"canonical":"https:\/\/blog.skylum.com\/de\/dsgvo-was-bedeutet-der-neue-datenschutz-fr-mich-als-fotograf\/","og_locale":"de_DE","og_type":"article","og_title":"DSGVO: Was bedeutet der neue Datenschutz f\u00fcr mich als Fotograf?","og_description":"So ziemlich alle Fotografien mit \u201eMenschen drauf\u201c fallen unter den Begriff der \u201epersonenbeziehbaren Daten\u201c und unterliegen damit den Regelungen der vieldiskutierten neuen Datenschutzverordnung. Aber keine Angst: Mittlerweile gibt es Klarheit.","og_url":"https:\/\/blog.skylum.com\/de\/dsgvo-was-bedeutet-der-neue-datenschutz-fr-mich-als-fotograf\/","og_site_name":"Skylum&#039;s Blog","article_author":"https:\/\/www.facebook.com\/luminarglobal","article_published_time":"2018-05-24T00:00:00+00:00","article_modified_time":"2026-03-21T07:40:41+00:00","og_image":[{"width":1920,"height":648,"url":"https:\/\/blog.skylum.com\/wp-content\/uploads\/2018\/05\/GDPR_BIG.webp","type":"image\/webp"}],"author":"Team Skylum","twitter_card":"summary_large_image","twitter_creator":"@https:\/\/twitter.com\/Luminar_Global","twitter_misc":{"Verfasst von":"Team Skylum","Gesch\u00e4tzte Lesezeit":"3\u00a0Minuten"},"schema":{"@context":"https:\/\/schema.org","@graph":[{"@type":"Article","@id":"https:\/\/blog.skylum.com\/de\/dsgvo-was-bedeutet-der-neue-datenschutz-fr-mich-als-fotograf\/#article","isPartOf":{"@id":"https:\/\/blog.skylum.com\/de\/dsgvo-was-bedeutet-der-neue-datenschutz-fr-mich-als-fotograf\/"},"author":{"name":"Team Skylum","@id":"https:\/\/blog.skylum.com\/de\/#\/schema\/person\/24ce0459a19d17c96d4504954bbdf117"},"headline":"DSGVO: Was bedeutet der neue Datenschutz f\u00fcr mich als Fotograf?","datePublished":"2018-05-24T00:00:00+00:00","dateModified":"2026-03-21T07:40:41+00:00","mainEntityOfPage":{"@id":"https:\/\/blog.skylum.com\/de\/dsgvo-was-bedeutet-der-neue-datenschutz-fr-mich-als-fotograf\/"},"wordCount":555,"commentCount":0,"publisher":{"@id":"https:\/\/blog.skylum.com\/de\/#organization"},"image":{"@id":"https:\/\/blog.skylum.com\/de\/dsgvo-was-bedeutet-der-neue-datenschutz-fr-mich-als-fotograf\/#primaryimage"},"thumbnailUrl":"https:\/\/blog.skylum.com\/wp-content\/uploads\/2018\/05\/GDPR_BIG.webp","articleSection":["Uncategorized"],"inLanguage":"de","potentialAction":[{"@type":"CommentAction","name":"Comment","target":["https:\/\/blog.skylum.com\/de\/dsgvo-was-bedeutet-der-neue-datenschutz-fr-mich-als-fotograf\/#respond"]}]},{"@type":"WebPage","@id":"https:\/\/blog.skylum.com\/de\/dsgvo-was-bedeutet-der-neue-datenschutz-fr-mich-als-fotograf\/","url":"https:\/\/blog.skylum.com\/de\/dsgvo-was-bedeutet-der-neue-datenschutz-fr-mich-als-fotograf\/","name":"DSGVO: Was bedeutet der neue Datenschutz f\u00fcr mich als Fotograf?","isPartOf":{"@id":"https:\/\/blog.skylum.com\/de\/#website"},"primaryImageOfPage":{"@id":"https:\/\/blog.skylum.com\/de\/dsgvo-was-bedeutet-der-neue-datenschutz-fr-mich-als-fotograf\/#primaryimage"},"image":{"@id":"https:\/\/blog.skylum.com\/de\/dsgvo-was-bedeutet-der-neue-datenschutz-fr-mich-als-fotograf\/#primaryimage"},"thumbnailUrl":"https:\/\/blog.skylum.com\/wp-content\/uploads\/2018\/05\/GDPR_BIG.webp","datePublished":"2018-05-24T00:00:00+00:00","dateModified":"2026-03-21T07:40:41+00:00","description":"So ziemlich alle Fotografien mit \u201eMenschen drauf\u201c fallen unter den Begriff der \u201epersonenbeziehbaren Daten\u201c und unterliegen damit den Regelungen der vieldiskutierten neuen Datenschutzverordnung. Aber keine Angst: Mittlerweile gibt es Klarheit.","breadcrumb":{"@id":"https:\/\/blog.skylum.com\/de\/dsgvo-was-bedeutet-der-neue-datenschutz-fr-mich-als-fotograf\/#breadcrumb"},"inLanguage":"de","potentialAction":[{"@type":"ReadAction","target":["https:\/\/blog.skylum.com\/de\/dsgvo-was-bedeutet-der-neue-datenschutz-fr-mich-als-fotograf\/"]}]},{"@type":"ImageObject","inLanguage":"de","@id":"https:\/\/blog.skylum.com\/de\/dsgvo-was-bedeutet-der-neue-datenschutz-fr-mich-als-fotograf\/#primaryimage","url":"https:\/\/blog.skylum.com\/wp-content\/uploads\/2018\/05\/GDPR_BIG.webp","contentUrl":"https:\/\/blog.skylum.com\/wp-content\/uploads\/2018\/05\/GDPR_BIG.webp","width":1920,"height":648},{"@type":"BreadcrumbList","@id":"https:\/\/blog.skylum.com\/de\/dsgvo-was-bedeutet-der-neue-datenschutz-fr-mich-als-fotograf\/#breadcrumb","itemListElement":[{"@type":"ListItem","position":1,"name":"Home","item":"https:\/\/blog.skylum.com\/de\/"},{"@type":"ListItem","position":2,"name":"DSGVO: Was bedeutet der neue Datenschutz f\u00fcr mich als Fotograf?"}]},{"@type":"WebSite","@id":"https:\/\/blog.skylum.com\/de\/#website","url":"https:\/\/blog.skylum.com\/de\/","name":"Skylum&#039;s Blog","description":"","publisher":{"@id":"https:\/\/blog.skylum.com\/de\/#organization"},"potentialAction":[{"@type":"SearchAction","target":{"@type":"EntryPoint","urlTemplate":"https:\/\/blog.skylum.com\/de\/?s={search_term_string}"},"query-input":{"@type":"PropertyValueSpecification","valueRequired":true,"valueName":"search_term_string"}}],"inLanguage":"de"},{"@type":"Organization","@id":"https:\/\/blog.skylum.com\/de\/#organization","name":"Skylum&#039;s Blog","url":"https:\/\/blog.skylum.com\/de\/","logo":{"@type":"ImageObject","inLanguage":"de","@id":"https:\/\/blog.skylum.com\/de\/#\/schema\/logo\/image\/","url":"https:\/\/blog.skylum.com\/wp-content\/uploads\/2026\/02\/SKYLUM_logo_white.svg","contentUrl":"https:\/\/blog.skylum.com\/wp-content\/uploads\/2026\/02\/SKYLUM_logo_white.svg","caption":"Skylum&#039;s Blog"},"image":{"@id":"https:\/\/blog.skylum.com\/de\/#\/schema\/logo\/image\/"}},{"@type":"Person","@id":"https:\/\/blog.skylum.com\/de\/#\/schema\/person\/24ce0459a19d17c96d4504954bbdf117","name":"Team Skylum","image":{"@type":"ImageObject","inLanguage":"de","@id":"https:\/\/secure.gravatar.com\/avatar\/cb1b30d4c11c3b071b6d7e6eda4b8d7b6b1553ca2885b47446d3637c94652c14?s=96&d=mm&r=g","url":"https:\/\/secure.gravatar.com\/avatar\/cb1b30d4c11c3b071b6d7e6eda4b8d7b6b1553ca2885b47446d3637c94652c14?s=96&d=mm&r=g","contentUrl":"https:\/\/secure.gravatar.com\/avatar\/cb1b30d4c11c3b071b6d7e6eda4b8d7b6b1553ca2885b47446d3637c94652c14?s=96&d=mm&r=g","caption":"Team Skylum"},"description":"Our team of passionate photography enthusiasts at Skylum has been committed to assisting you in discovering the world through your lens for over a decade. We're dedicated to providing photographers like you with easy-to-use tools and valuable resources to help you capture your vision and produce beautiful photos. Our articles are filled with friendly tips, industry insights, and inspiring stories from other creative individuals in photography. Together, we can help you grow your photography skills to new heights. Join us on this exciting journey of exploration, creativity, and growth.","sameAs":["https:\/\/www.facebook.com\/luminarglobal","https:\/\/x.com\/https:\/\/twitter.com\/Luminar_Global"],"url":"https:\/\/blog.skylum.com\/de\/author\/team-skylum\/"}]}},"_links":{"self":[{"href":"https:\/\/blog.skylum.com\/de\/wp-json\/wp\/v2\/posts\/281543","targetHints":{"allow":["GET"]}}],"collection":[{"href":"https:\/\/blog.skylum.com\/de\/wp-json\/wp\/v2\/posts"}],"about":[{"href":"https:\/\/blog.skylum.com\/de\/wp-json\/wp\/v2\/types\/post"}],"author":[{"embeddable":true,"href":"https:\/\/blog.skylum.com\/de\/wp-json\/wp\/v2\/users\/85"}],"replies":[{"embeddable":true,"href":"https:\/\/blog.skylum.com\/de\/wp-json\/wp\/v2\/comments?post=281543"}],"version-history":[{"count":0,"href":"https:\/\/blog.skylum.com\/de\/wp-json\/wp\/v2\/posts\/281543\/revisions"}],"wp:featuredmedia":[{"embeddable":true,"href":"https:\/\/blog.skylum.com\/de\/wp-json\/wp\/v2\/media\/281544"}],"wp:attachment":[{"href":"https:\/\/blog.skylum.com\/de\/wp-json\/wp\/v2\/media?parent=281543"}],"wp:term":[{"taxonomy":"category","embeddable":true,"href":"https:\/\/blog.skylum.com\/de\/wp-json\/wp\/v2\/categories?post=281543"},{"taxonomy":"post_tag","embeddable":true,"href":"https:\/\/blog.skylum.com\/de\/wp-json\/wp\/v2\/tags?post=281543"}],"curies":[{"name":"wp","href":"https:\/\/api.w.org\/{rel}","templated":true}]}}