
{"id":283100,"date":"2023-03-31T00:00:00","date_gmt":"2023-03-31T00:00:00","guid":{"rendered":"https:\/\/blog.skylum.com\/diese-promis-sind-am-hufigsten-auf-den-covern-von-bunte-co\/"},"modified":"2026-03-21T07:41:53","modified_gmt":"2026-03-21T07:41:53","slug":"diese-promis-sind-am-hufigsten-auf-den-covern-von-bunte-co","status":"publish","type":"post","link":"https:\/\/blog.skylum.com\/de\/diese-promis-sind-am-hufigsten-auf-den-covern-von-bunte-co\/","title":{"rendered":"Diese Promis sind am h\u00e4ufigsten auf den Covern von Bunte &#038; Co."},"content":{"rendered":"<p><b>Das sind die beliebtesten Cover-Stars<\/b><\/p>\n<p>Sie versteht es, ihr Publikum von sich zu \u00fcberzeugen und strahlt nicht nur auf der B\u00fchne: Helene Fischer ist 2022 mit Abstand am h\u00e4ufigsten auf den Titelseiten der analysierten Frauenzeitschriften zu sehen. Welche Prominenten sonst noch so die Titelseiten schm\u00fccken, siehst du in der nachfolgenden Tabelle:<\/p>\n<p><img decoding=\"async\" src=\"https:\/\/blog.skylum.com\/wp-content\/uploads\/2023\/03\/16802692366426dfb493df49.70520248.webp\" data-pin-nopin=\"true\" style=\"\"><\/p>\n<p><b>Royals mit Cover-Garantie, Schlagerstars sind die zweitbeliebteste Berufsgruppe<\/b><\/p>\n<p>Eine Auswertung der Berufsgruppen auf den Covern zeigt, dass die K\u00f6nigsfamilien mit circa 30 Prozent den gr\u00f6\u00dften Anteil ausmachen. Mit rund 14 Prozent sind Schlagerstars weit weniger h\u00e4ufig auf den Titelseiten vertreten. Weitere h\u00e4ufig vorkommende Berufe sind Moderator:innen, Sportler:innen sowie Politiker:innen.<\/p>\n<p><img decoding=\"async\" src=\"https:\/\/blog.skylum.com\/wp-content\/uploads\/2023\/03\/16802692586426dfca302866.15811433.webp\" data-pin-nopin=\"true\" style=\"\"><b>So kommen nicht nur Promis am besten zur Geltung<\/b><\/p>\n<p>\u00dcberraschend ist, dass einige Zeitschriften auch Ganzk\u00f6rperportr\u00e4ts abbilden: Insgesamt sind es aber auch nur 13 Ausgaben mit Ganzk\u00f6rperportr\u00e4ts. In der folgenden Grafik kann die prozentuale Verteilung der verschiedenen Portr\u00e4ts entnommen werden:<\/p>\n<p><img decoding=\"async\" src=\"https:\/\/blog.skylum.com\/wp-content\/uploads\/2023\/03\/16802692756426dfdb22d867.11737015.webp\" data-pin-nopin=\"true\" style=\"\"><b>L\u00e4cheln als Cover-Garant? Nicht immer!&nbsp;<\/b><\/p>\n<p>Auf 64 Prozent der Titelseiten l\u00e4chelt die abgebildete Person. Demnach zeigen die Illustrierten den Rest auch mal ernst oder gar gestresst. In den folgenden Grafiken ist der&nbsp; Anteil des L\u00e4chelns auf den Covern der verschiedenen Zeitschriften zu sehen:<\/p>\n<p><img decoding=\"async\" src=\"https:\/\/blog.skylum.com\/wp-content\/uploads\/2023\/03\/16802692886426dfe89e4e50.07989424.webp\" data-pin-nopin=\"true\" style=\"\"><b><span>Unser Skylum Ambasador Werbe-Fotograf <\/span><a href=\"https:\/\/skylum.com\/de\/ambassadors\/javier-pardina\" style=\"background-color: rgb(255, 255, 255);\">Javier Pardina<\/a><span>, der seine Fotos mit Luminar Neo bearbeitet, hat sich unsere Analyse genauestens angeschaut. Er gibt noch ein paar exklusive Tipps, wie auch bei Hobbyfotograf:innen ein sch\u00f6nes Portr\u00e4tfoto gelingt und Frau bzw. Mann sich \u00e0 la Helene Fischer oder Prinz Harry in Szene setzen kann:<\/span><\/b><\/p>\n<p>Bei der Auswahl von Personen f\u00fcr meine Werbeshootings habe ich eine klare Regel: Ich suche nach echten Menschen. Auch beim Fotografieren f\u00fcr kommerzielle Zwecke versuche ich immer, einen Hauch von Nat\u00fcrlichkeit und Spontaneit\u00e4t in meine Fotos zu bringen. Um das zu erreichen, halte ich mich in der Regel an die folgenden Parameter:<\/p>\n<p><b>Auswahl<\/b>: Es ist immer wichtig, auf sich selbst bzw. sein Bauchgef\u00fchl zu h\u00f6ren, um die passenden Menschen f\u00fcr die Fotos zu finden. Trends oder \u00c4u\u00dferlichkeiten sind f\u00fcr mich nebens\u00e4chlich. Ich richte meinen Fokus eher auf das, was in meiner Umgebung ist, welche Atmosph\u00e4re ich kreieren m\u00f6chte und welches Detail das Motiv gut erg\u00e4nzen w\u00fcrde. Mein Tipp: Scheut euch dann nicht, Menschen in eurem n\u00e4heren Umfeld nach einer kleinen Foto-Session zu fragen. Fast alle lassen sich gerne fotografieren!<\/p>\n<p><b>Blick<\/b>: Der Blick einer Person ist das, was mich am meisten fasziniert. Wie sagt man doch so sch\u00f6n? Die Augen sind das Fenster zur Seele. Daher versuche ich immer, mit der Hilfe der Augen die einzigartige Pers\u00f6nlichkeit der Menschen einzufangen.<\/p>\n<p><b>L\u00e4cheln<\/b>: Es gibt viele Arten zu l\u00e4cheln und alle sind sch\u00f6n. Allerdings gibt es immer ein besonderes L\u00e4cheln, das sich von den anderen abhebt und die Betrachter:innen eines Bildes in den Bann zieht. Wenn ich dieses besondere Lachen finde, ist es das, was ich auf meinem Foto festhalten m\u00f6chte: Ein nat\u00fcrliches und spontanes L\u00e4cheln kann dem Bild sehr viel Atmosph\u00e4re hinzuf\u00fcgen.<\/p>\n<p><b>Charakter<\/b>: Je spontaner und offener der Charakter der Person ist, desto einfacher ist es, eine Person zu fotografieren. Menschen mit einem selbstbewussten Charakter haben keine Angst, sich zu pr\u00e4sentieren und zu strahlen. Wenn die Person hingegen sch\u00fcchtern ist, m\u00fcssen Fotograf:innen erst ihr Vertrauen gewinnen, damit sie sich wohlf\u00fchlt und entspannt. Hier hilft euch mein erster Tipp weiter.&nbsp;<\/p>\n<p>Das war&#8217;s dann auch schon! Einer der wertvollsten Aspekte meiner Arbeit ist es, dass ich interessante Menschen treffen und ihre Geschichten durch meine Fotos erz\u00e4hlen darf. Das macht meinen Job abwechslungsreich und spannend. Probiert es am besten selbst aus. Egal, ob Profi- oder Hobbyfotograf, jede:r kann tolle Fotos machen! F\u00fcr die Nachbearbeitung empfehle ich Luminar Neo, denn mit dem KI-basierten Fotoeditor ist die Bearbeitung super einfach.<\/p>\n<p><b>\u00dcber die Untersuchung:<\/b><\/p>\n<p>Wir haben die Zeitschriften-Cover der auflagenst\u00e4rksten Frauen-Illustrierten (Ausgabe 52\/22 von <a href=\"http:\/\/ivw.de\">ivw.de<\/a>) mit w\u00f6chentlichem Erscheinungsdatum Die Aktuelle, Freizeit Revue, Freizeit Spa\u00df, Freizeitwoche, Neue Post und Bunte aus dem Jahr 2022 mit Hilfe der Plattformen <a href=\"https:\/\/www.zzol.de\/\">Zzol<\/a> und <a href=\"http:\/\/meine-zeitschrift.de\">meine-zeitschrift.de<\/a> miteinander verglichen und analysiert. Fehlende Cover wurden in der Recherche nicht ber\u00fccksichtigt.&nbsp;<\/p>\n","protected":false},"excerpt":{"rendered":"<p>Klatsch und Tratsch aus dem Leben der Prominenten und VIPs bleiben auch in Krisenzeiten gesellschaftlich beliebte Themen  und sind somit ein Garant f\u00fcr starke Auflagenzahlen bei zahlreichen Zeitschriften. Wir haben rund 300 Titel der sechs auflagenst\u00e4rksten Frauen-Illustrierten 2022 analysiert und herausgefunden, welche Stars die deutsche Medienlandschaft pr\u00e4gen.<\/p>\n","protected":false},"author":85,"featured_media":283101,"comment_status":"open","ping_status":"open","sticky":false,"template":"","format":"standard","meta":{"_acf_changed":false,"_eb_attr":"","footnotes":""},"categories":[1],"tags":[],"class_list":["post-283100","post","type-post","status-publish","format-standard","has-post-thumbnail","hentry","category-uncategorized"],"acf":[],"yoast_head":"<!-- This site is optimized with the Yoast SEO plugin v27.5 - https:\/\/yoast.com\/product\/yoast-seo-wordpress\/ -->\n<title>Diese Promis sind am h\u00e4ufigsten auf den Covern von Bunte &amp; Co.<\/title>\n<meta name=\"description\" content=\"Klatsch und Tratsch aus dem Leben der Prominenten und VIPs bleiben auch in Krisenzeiten gesellschaftlich beliebte Themen und sind somit ein Garant f\u00fcr starke Auflagenzahlen bei zahlreichen Zeitschriften. Wir haben rund 300 Titel der sechs auflagenst\u00e4rksten Frauen-Illustrierten 2022 analysiert und herausgefunden, welche Stars die deutsche Medienlandschaft pr\u00e4gen.\" \/>\n<meta name=\"robots\" content=\"index, follow, max-snippet:-1, max-image-preview:large, max-video-preview:-1\" \/>\n<link rel=\"canonical\" href=\"https:\/\/blog.skylum.com\/de\/diese-promis-sind-am-hufigsten-auf-den-covern-von-bunte-co\/\" \/>\n<meta property=\"og:locale\" content=\"de_DE\" \/>\n<meta property=\"og:type\" content=\"article\" \/>\n<meta property=\"og:title\" content=\"Diese Promis sind am h\u00e4ufigsten auf den Covern von Bunte &amp; Co.\" \/>\n<meta property=\"og:description\" content=\"Klatsch und Tratsch aus dem Leben der Prominenten und VIPs bleiben auch in Krisenzeiten gesellschaftlich beliebte Themen und sind somit ein Garant f\u00fcr starke Auflagenzahlen bei zahlreichen Zeitschriften. Wir haben rund 300 Titel der sechs auflagenst\u00e4rksten Frauen-Illustrierten 2022 analysiert und herausgefunden, welche Stars die deutsche Medienlandschaft pr\u00e4gen.\" \/>\n<meta property=\"og:url\" content=\"https:\/\/blog.skylum.com\/de\/diese-promis-sind-am-hufigsten-auf-den-covern-von-bunte-co\/\" \/>\n<meta property=\"og:site_name\" content=\"Skylum&#039;s Blog\" \/>\n<meta property=\"article:author\" content=\"https:\/\/www.facebook.com\/luminarglobal\" \/>\n<meta property=\"article:published_time\" content=\"2023-03-31T00:00:00+00:00\" \/>\n<meta property=\"article:modified_time\" content=\"2026-03-21T07:41:53+00:00\" \/>\n<meta property=\"og:image\" content=\"https:\/\/blog.skylum.com\/wp-content\/uploads\/2023\/03\/averie-woodard-4nulm-JUYFo-unsplash-02.webp\" \/>\n\t<meta property=\"og:image:width\" content=\"1366\" \/>\n\t<meta property=\"og:image:height\" content=\"911\" \/>\n\t<meta property=\"og:image:type\" content=\"image\/webp\" \/>\n<meta name=\"author\" content=\"Team Skylum\" \/>\n<meta name=\"twitter:card\" content=\"summary_large_image\" \/>\n<meta name=\"twitter:creator\" content=\"@https:\/\/twitter.com\/Luminar_Global\" \/>\n<meta name=\"twitter:label1\" content=\"Verfasst von\" \/>\n\t<meta name=\"twitter:data1\" content=\"Team Skylum\" \/>\n\t<meta name=\"twitter:label2\" content=\"Gesch\u00e4tzte Lesezeit\" \/>\n\t<meta name=\"twitter:data2\" content=\"3\u00a0Minuten\" \/>\n<script type=\"application\/ld+json\" class=\"yoast-schema-graph\">{\"@context\":\"https:\\\/\\\/schema.org\",\"@graph\":[{\"@type\":\"Article\",\"@id\":\"https:\\\/\\\/blog.skylum.com\\\/de\\\/diese-promis-sind-am-hufigsten-auf-den-covern-von-bunte-co\\\/#article\",\"isPartOf\":{\"@id\":\"https:\\\/\\\/blog.skylum.com\\\/de\\\/diese-promis-sind-am-hufigsten-auf-den-covern-von-bunte-co\\\/\"},\"author\":{\"name\":\"Team Skylum\",\"@id\":\"https:\\\/\\\/blog.skylum.com\\\/de\\\/#\\\/schema\\\/person\\\/24ce0459a19d17c96d4504954bbdf117\"},\"headline\":\"Diese Promis sind am h\u00e4ufigsten auf den Covern von Bunte &#038; Co.\",\"datePublished\":\"2023-03-31T00:00:00+00:00\",\"dateModified\":\"2026-03-21T07:41:53+00:00\",\"mainEntityOfPage\":{\"@id\":\"https:\\\/\\\/blog.skylum.com\\\/de\\\/diese-promis-sind-am-hufigsten-auf-den-covern-von-bunte-co\\\/\"},\"wordCount\":707,\"commentCount\":0,\"publisher\":{\"@id\":\"https:\\\/\\\/blog.skylum.com\\\/de\\\/#organization\"},\"image\":{\"@id\":\"https:\\\/\\\/blog.skylum.com\\\/de\\\/diese-promis-sind-am-hufigsten-auf-den-covern-von-bunte-co\\\/#primaryimage\"},\"thumbnailUrl\":\"https:\\\/\\\/blog.skylum.com\\\/wp-content\\\/uploads\\\/2023\\\/03\\\/averie-woodard-4nulm-JUYFo-unsplash-02.webp\",\"articleSection\":[\"Uncategorized\"],\"inLanguage\":\"de\",\"potentialAction\":[{\"@type\":\"CommentAction\",\"name\":\"Comment\",\"target\":[\"https:\\\/\\\/blog.skylum.com\\\/de\\\/diese-promis-sind-am-hufigsten-auf-den-covern-von-bunte-co\\\/#respond\"]}]},{\"@type\":\"WebPage\",\"@id\":\"https:\\\/\\\/blog.skylum.com\\\/de\\\/diese-promis-sind-am-hufigsten-auf-den-covern-von-bunte-co\\\/\",\"url\":\"https:\\\/\\\/blog.skylum.com\\\/de\\\/diese-promis-sind-am-hufigsten-auf-den-covern-von-bunte-co\\\/\",\"name\":\"Diese Promis sind am h\u00e4ufigsten auf den Covern von Bunte & Co.\",\"isPartOf\":{\"@id\":\"https:\\\/\\\/blog.skylum.com\\\/de\\\/#website\"},\"primaryImageOfPage\":{\"@id\":\"https:\\\/\\\/blog.skylum.com\\\/de\\\/diese-promis-sind-am-hufigsten-auf-den-covern-von-bunte-co\\\/#primaryimage\"},\"image\":{\"@id\":\"https:\\\/\\\/blog.skylum.com\\\/de\\\/diese-promis-sind-am-hufigsten-auf-den-covern-von-bunte-co\\\/#primaryimage\"},\"thumbnailUrl\":\"https:\\\/\\\/blog.skylum.com\\\/wp-content\\\/uploads\\\/2023\\\/03\\\/averie-woodard-4nulm-JUYFo-unsplash-02.webp\",\"datePublished\":\"2023-03-31T00:00:00+00:00\",\"dateModified\":\"2026-03-21T07:41:53+00:00\",\"description\":\"Klatsch und Tratsch aus dem Leben der Prominenten und VIPs bleiben auch in Krisenzeiten gesellschaftlich beliebte Themen und sind somit ein Garant f\u00fcr starke Auflagenzahlen bei zahlreichen Zeitschriften. Wir haben rund 300 Titel der sechs auflagenst\u00e4rksten Frauen-Illustrierten 2022 analysiert und herausgefunden, welche Stars die deutsche Medienlandschaft pr\u00e4gen.\",\"breadcrumb\":{\"@id\":\"https:\\\/\\\/blog.skylum.com\\\/de\\\/diese-promis-sind-am-hufigsten-auf-den-covern-von-bunte-co\\\/#breadcrumb\"},\"inLanguage\":\"de\",\"potentialAction\":[{\"@type\":\"ReadAction\",\"target\":[\"https:\\\/\\\/blog.skylum.com\\\/de\\\/diese-promis-sind-am-hufigsten-auf-den-covern-von-bunte-co\\\/\"]}]},{\"@type\":\"ImageObject\",\"inLanguage\":\"de\",\"@id\":\"https:\\\/\\\/blog.skylum.com\\\/de\\\/diese-promis-sind-am-hufigsten-auf-den-covern-von-bunte-co\\\/#primaryimage\",\"url\":\"https:\\\/\\\/blog.skylum.com\\\/wp-content\\\/uploads\\\/2023\\\/03\\\/averie-woodard-4nulm-JUYFo-unsplash-02.webp\",\"contentUrl\":\"https:\\\/\\\/blog.skylum.com\\\/wp-content\\\/uploads\\\/2023\\\/03\\\/averie-woodard-4nulm-JUYFo-unsplash-02.webp\",\"width\":1366,\"height\":911},{\"@type\":\"BreadcrumbList\",\"@id\":\"https:\\\/\\\/blog.skylum.com\\\/de\\\/diese-promis-sind-am-hufigsten-auf-den-covern-von-bunte-co\\\/#breadcrumb\",\"itemListElement\":[{\"@type\":\"ListItem\",\"position\":1,\"name\":\"Home\",\"item\":\"https:\\\/\\\/blog.skylum.com\\\/de\\\/\"},{\"@type\":\"ListItem\",\"position\":2,\"name\":\"Diese Promis sind am h\u00e4ufigsten auf den Covern von Bunte &#038; Co.\"}]},{\"@type\":\"WebSite\",\"@id\":\"https:\\\/\\\/blog.skylum.com\\\/de\\\/#website\",\"url\":\"https:\\\/\\\/blog.skylum.com\\\/de\\\/\",\"name\":\"Skylum&#039;s Blog\",\"description\":\"\",\"publisher\":{\"@id\":\"https:\\\/\\\/blog.skylum.com\\\/de\\\/#organization\"},\"potentialAction\":[{\"@type\":\"SearchAction\",\"target\":{\"@type\":\"EntryPoint\",\"urlTemplate\":\"https:\\\/\\\/blog.skylum.com\\\/de\\\/?s={search_term_string}\"},\"query-input\":{\"@type\":\"PropertyValueSpecification\",\"valueRequired\":true,\"valueName\":\"search_term_string\"}}],\"inLanguage\":\"de\"},{\"@type\":\"Organization\",\"@id\":\"https:\\\/\\\/blog.skylum.com\\\/de\\\/#organization\",\"name\":\"Skylum&#039;s Blog\",\"url\":\"https:\\\/\\\/blog.skylum.com\\\/de\\\/\",\"logo\":{\"@type\":\"ImageObject\",\"inLanguage\":\"de\",\"@id\":\"https:\\\/\\\/blog.skylum.com\\\/de\\\/#\\\/schema\\\/logo\\\/image\\\/\",\"url\":\"https:\\\/\\\/blog.skylum.com\\\/wp-content\\\/uploads\\\/2026\\\/02\\\/SKYLUM_logo_white.svg\",\"contentUrl\":\"https:\\\/\\\/blog.skylum.com\\\/wp-content\\\/uploads\\\/2026\\\/02\\\/SKYLUM_logo_white.svg\",\"caption\":\"Skylum&#039;s Blog\"},\"image\":{\"@id\":\"https:\\\/\\\/blog.skylum.com\\\/de\\\/#\\\/schema\\\/logo\\\/image\\\/\"}},{\"@type\":\"Person\",\"@id\":\"https:\\\/\\\/blog.skylum.com\\\/de\\\/#\\\/schema\\\/person\\\/24ce0459a19d17c96d4504954bbdf117\",\"name\":\"Team Skylum\",\"image\":{\"@type\":\"ImageObject\",\"inLanguage\":\"de\",\"@id\":\"https:\\\/\\\/secure.gravatar.com\\\/avatar\\\/cb1b30d4c11c3b071b6d7e6eda4b8d7b6b1553ca2885b47446d3637c94652c14?s=96&d=mm&r=g\",\"url\":\"https:\\\/\\\/secure.gravatar.com\\\/avatar\\\/cb1b30d4c11c3b071b6d7e6eda4b8d7b6b1553ca2885b47446d3637c94652c14?s=96&d=mm&r=g\",\"contentUrl\":\"https:\\\/\\\/secure.gravatar.com\\\/avatar\\\/cb1b30d4c11c3b071b6d7e6eda4b8d7b6b1553ca2885b47446d3637c94652c14?s=96&d=mm&r=g\",\"caption\":\"Team Skylum\"},\"description\":\"Our team of passionate photography enthusiasts at Skylum has been committed to assisting you in discovering the world through your lens for over a decade. We're dedicated to providing photographers like you with easy-to-use tools and valuable resources to help you capture your vision and produce beautiful photos. Our articles are filled with friendly tips, industry insights, and inspiring stories from other creative individuals in photography. Together, we can help you grow your photography skills to new heights. Join us on this exciting journey of exploration, creativity, and growth.\",\"sameAs\":[\"https:\\\/\\\/www.facebook.com\\\/luminarglobal\",\"https:\\\/\\\/x.com\\\/https:\\\/\\\/twitter.com\\\/Luminar_Global\"],\"url\":\"https:\\\/\\\/blog.skylum.com\\\/de\\\/author\\\/team-skylum\\\/\"}]}<\/script>\n<!-- \/ Yoast SEO plugin. -->","yoast_head_json":{"title":"Diese Promis sind am h\u00e4ufigsten auf den Covern von Bunte & Co.","description":"Klatsch und Tratsch aus dem Leben der Prominenten und VIPs bleiben auch in Krisenzeiten gesellschaftlich beliebte Themen und sind somit ein Garant f\u00fcr starke Auflagenzahlen bei zahlreichen Zeitschriften. Wir haben rund 300 Titel der sechs auflagenst\u00e4rksten Frauen-Illustrierten 2022 analysiert und herausgefunden, welche Stars die deutsche Medienlandschaft pr\u00e4gen.","robots":{"index":"index","follow":"follow","max-snippet":"max-snippet:-1","max-image-preview":"max-image-preview:large","max-video-preview":"max-video-preview:-1"},"canonical":"https:\/\/blog.skylum.com\/de\/diese-promis-sind-am-hufigsten-auf-den-covern-von-bunte-co\/","og_locale":"de_DE","og_type":"article","og_title":"Diese Promis sind am h\u00e4ufigsten auf den Covern von Bunte & Co.","og_description":"Klatsch und Tratsch aus dem Leben der Prominenten und VIPs bleiben auch in Krisenzeiten gesellschaftlich beliebte Themen und sind somit ein Garant f\u00fcr starke Auflagenzahlen bei zahlreichen Zeitschriften. Wir haben rund 300 Titel der sechs auflagenst\u00e4rksten Frauen-Illustrierten 2022 analysiert und herausgefunden, welche Stars die deutsche Medienlandschaft pr\u00e4gen.","og_url":"https:\/\/blog.skylum.com\/de\/diese-promis-sind-am-hufigsten-auf-den-covern-von-bunte-co\/","og_site_name":"Skylum&#039;s Blog","article_author":"https:\/\/www.facebook.com\/luminarglobal","article_published_time":"2023-03-31T00:00:00+00:00","article_modified_time":"2026-03-21T07:41:53+00:00","og_image":[{"width":1366,"height":911,"url":"https:\/\/blog.skylum.com\/wp-content\/uploads\/2023\/03\/averie-woodard-4nulm-JUYFo-unsplash-02.webp","type":"image\/webp"}],"author":"Team Skylum","twitter_card":"summary_large_image","twitter_creator":"@https:\/\/twitter.com\/Luminar_Global","twitter_misc":{"Verfasst von":"Team Skylum","Gesch\u00e4tzte Lesezeit":"3\u00a0Minuten"},"schema":{"@context":"https:\/\/schema.org","@graph":[{"@type":"Article","@id":"https:\/\/blog.skylum.com\/de\/diese-promis-sind-am-hufigsten-auf-den-covern-von-bunte-co\/#article","isPartOf":{"@id":"https:\/\/blog.skylum.com\/de\/diese-promis-sind-am-hufigsten-auf-den-covern-von-bunte-co\/"},"author":{"name":"Team Skylum","@id":"https:\/\/blog.skylum.com\/de\/#\/schema\/person\/24ce0459a19d17c96d4504954bbdf117"},"headline":"Diese Promis sind am h\u00e4ufigsten auf den Covern von Bunte &#038; Co.","datePublished":"2023-03-31T00:00:00+00:00","dateModified":"2026-03-21T07:41:53+00:00","mainEntityOfPage":{"@id":"https:\/\/blog.skylum.com\/de\/diese-promis-sind-am-hufigsten-auf-den-covern-von-bunte-co\/"},"wordCount":707,"commentCount":0,"publisher":{"@id":"https:\/\/blog.skylum.com\/de\/#organization"},"image":{"@id":"https:\/\/blog.skylum.com\/de\/diese-promis-sind-am-hufigsten-auf-den-covern-von-bunte-co\/#primaryimage"},"thumbnailUrl":"https:\/\/blog.skylum.com\/wp-content\/uploads\/2023\/03\/averie-woodard-4nulm-JUYFo-unsplash-02.webp","articleSection":["Uncategorized"],"inLanguage":"de","potentialAction":[{"@type":"CommentAction","name":"Comment","target":["https:\/\/blog.skylum.com\/de\/diese-promis-sind-am-hufigsten-auf-den-covern-von-bunte-co\/#respond"]}]},{"@type":"WebPage","@id":"https:\/\/blog.skylum.com\/de\/diese-promis-sind-am-hufigsten-auf-den-covern-von-bunte-co\/","url":"https:\/\/blog.skylum.com\/de\/diese-promis-sind-am-hufigsten-auf-den-covern-von-bunte-co\/","name":"Diese Promis sind am h\u00e4ufigsten auf den Covern von Bunte & Co.","isPartOf":{"@id":"https:\/\/blog.skylum.com\/de\/#website"},"primaryImageOfPage":{"@id":"https:\/\/blog.skylum.com\/de\/diese-promis-sind-am-hufigsten-auf-den-covern-von-bunte-co\/#primaryimage"},"image":{"@id":"https:\/\/blog.skylum.com\/de\/diese-promis-sind-am-hufigsten-auf-den-covern-von-bunte-co\/#primaryimage"},"thumbnailUrl":"https:\/\/blog.skylum.com\/wp-content\/uploads\/2023\/03\/averie-woodard-4nulm-JUYFo-unsplash-02.webp","datePublished":"2023-03-31T00:00:00+00:00","dateModified":"2026-03-21T07:41:53+00:00","description":"Klatsch und Tratsch aus dem Leben der Prominenten und VIPs bleiben auch in Krisenzeiten gesellschaftlich beliebte Themen und sind somit ein Garant f\u00fcr starke Auflagenzahlen bei zahlreichen Zeitschriften. Wir haben rund 300 Titel der sechs auflagenst\u00e4rksten Frauen-Illustrierten 2022 analysiert und herausgefunden, welche Stars die deutsche Medienlandschaft pr\u00e4gen.","breadcrumb":{"@id":"https:\/\/blog.skylum.com\/de\/diese-promis-sind-am-hufigsten-auf-den-covern-von-bunte-co\/#breadcrumb"},"inLanguage":"de","potentialAction":[{"@type":"ReadAction","target":["https:\/\/blog.skylum.com\/de\/diese-promis-sind-am-hufigsten-auf-den-covern-von-bunte-co\/"]}]},{"@type":"ImageObject","inLanguage":"de","@id":"https:\/\/blog.skylum.com\/de\/diese-promis-sind-am-hufigsten-auf-den-covern-von-bunte-co\/#primaryimage","url":"https:\/\/blog.skylum.com\/wp-content\/uploads\/2023\/03\/averie-woodard-4nulm-JUYFo-unsplash-02.webp","contentUrl":"https:\/\/blog.skylum.com\/wp-content\/uploads\/2023\/03\/averie-woodard-4nulm-JUYFo-unsplash-02.webp","width":1366,"height":911},{"@type":"BreadcrumbList","@id":"https:\/\/blog.skylum.com\/de\/diese-promis-sind-am-hufigsten-auf-den-covern-von-bunte-co\/#breadcrumb","itemListElement":[{"@type":"ListItem","position":1,"name":"Home","item":"https:\/\/blog.skylum.com\/de\/"},{"@type":"ListItem","position":2,"name":"Diese Promis sind am h\u00e4ufigsten auf den Covern von Bunte &#038; Co."}]},{"@type":"WebSite","@id":"https:\/\/blog.skylum.com\/de\/#website","url":"https:\/\/blog.skylum.com\/de\/","name":"Skylum&#039;s Blog","description":"","publisher":{"@id":"https:\/\/blog.skylum.com\/de\/#organization"},"potentialAction":[{"@type":"SearchAction","target":{"@type":"EntryPoint","urlTemplate":"https:\/\/blog.skylum.com\/de\/?s={search_term_string}"},"query-input":{"@type":"PropertyValueSpecification","valueRequired":true,"valueName":"search_term_string"}}],"inLanguage":"de"},{"@type":"Organization","@id":"https:\/\/blog.skylum.com\/de\/#organization","name":"Skylum&#039;s Blog","url":"https:\/\/blog.skylum.com\/de\/","logo":{"@type":"ImageObject","inLanguage":"de","@id":"https:\/\/blog.skylum.com\/de\/#\/schema\/logo\/image\/","url":"https:\/\/blog.skylum.com\/wp-content\/uploads\/2026\/02\/SKYLUM_logo_white.svg","contentUrl":"https:\/\/blog.skylum.com\/wp-content\/uploads\/2026\/02\/SKYLUM_logo_white.svg","caption":"Skylum&#039;s Blog"},"image":{"@id":"https:\/\/blog.skylum.com\/de\/#\/schema\/logo\/image\/"}},{"@type":"Person","@id":"https:\/\/blog.skylum.com\/de\/#\/schema\/person\/24ce0459a19d17c96d4504954bbdf117","name":"Team Skylum","image":{"@type":"ImageObject","inLanguage":"de","@id":"https:\/\/secure.gravatar.com\/avatar\/cb1b30d4c11c3b071b6d7e6eda4b8d7b6b1553ca2885b47446d3637c94652c14?s=96&d=mm&r=g","url":"https:\/\/secure.gravatar.com\/avatar\/cb1b30d4c11c3b071b6d7e6eda4b8d7b6b1553ca2885b47446d3637c94652c14?s=96&d=mm&r=g","contentUrl":"https:\/\/secure.gravatar.com\/avatar\/cb1b30d4c11c3b071b6d7e6eda4b8d7b6b1553ca2885b47446d3637c94652c14?s=96&d=mm&r=g","caption":"Team Skylum"},"description":"Our team of passionate photography enthusiasts at Skylum has been committed to assisting you in discovering the world through your lens for over a decade. We're dedicated to providing photographers like you with easy-to-use tools and valuable resources to help you capture your vision and produce beautiful photos. Our articles are filled with friendly tips, industry insights, and inspiring stories from other creative individuals in photography. Together, we can help you grow your photography skills to new heights. Join us on this exciting journey of exploration, creativity, and growth.","sameAs":["https:\/\/www.facebook.com\/luminarglobal","https:\/\/x.com\/https:\/\/twitter.com\/Luminar_Global"],"url":"https:\/\/blog.skylum.com\/de\/author\/team-skylum\/"}]}},"_links":{"self":[{"href":"https:\/\/blog.skylum.com\/de\/wp-json\/wp\/v2\/posts\/283100","targetHints":{"allow":["GET"]}}],"collection":[{"href":"https:\/\/blog.skylum.com\/de\/wp-json\/wp\/v2\/posts"}],"about":[{"href":"https:\/\/blog.skylum.com\/de\/wp-json\/wp\/v2\/types\/post"}],"author":[{"embeddable":true,"href":"https:\/\/blog.skylum.com\/de\/wp-json\/wp\/v2\/users\/85"}],"replies":[{"embeddable":true,"href":"https:\/\/blog.skylum.com\/de\/wp-json\/wp\/v2\/comments?post=283100"}],"version-history":[{"count":0,"href":"https:\/\/blog.skylum.com\/de\/wp-json\/wp\/v2\/posts\/283100\/revisions"}],"wp:featuredmedia":[{"embeddable":true,"href":"https:\/\/blog.skylum.com\/de\/wp-json\/wp\/v2\/media\/283101"}],"wp:attachment":[{"href":"https:\/\/blog.skylum.com\/de\/wp-json\/wp\/v2\/media?parent=283100"}],"wp:term":[{"taxonomy":"category","embeddable":true,"href":"https:\/\/blog.skylum.com\/de\/wp-json\/wp\/v2\/categories?post=283100"},{"taxonomy":"post_tag","embeddable":true,"href":"https:\/\/blog.skylum.com\/de\/wp-json\/wp\/v2\/tags?post=283100"}],"curies":[{"name":"wp","href":"https:\/\/api.w.org\/{rel}","templated":true}]}}