
{"id":305715,"date":"2026-05-01T10:14:37","date_gmt":"2026-05-01T10:14:37","guid":{"rendered":"https:\/\/blog.skylum.com\/recenzja-sony-a7v-pelny-przeglad-aparatu\/"},"modified":"2026-05-01T11:55:18","modified_gmt":"2026-05-01T11:55:18","slug":"sony-a7v-review","status":"publish","type":"post","link":"https:\/\/blog.skylum.com\/pl\/sony-a7v-review\/","title":{"rendered":"Recenzja Sony A7V: Pe\u0142ny przegl\u0105d aparatu"},"content":{"rendered":"\n<p>Premiera Sony A7V wyznacza fundamentalny moment w ewolucji pe\u0142noklatkowych aparat\u00f3w hybrydowych, poniewa\u017c \u0142\u0105czy szybki odczyt danych z bezprecedensow\u0105 moc\u0105 obliczeniow\u0105. Dla fotograf\u00f3w krajobrazowych i portretowych korpus ten stanowi zaawansowane narz\u0119dzie do gromadzenia danych, zaprojektowane z my\u015bl\u0105 o najbardziej wymagaj\u0105cych \u015brodowiskach. Dzi\u0119ki cz\u0119\u015bciowo z\u0142o\u017conej architekturze matrycy, A7V Sony wype\u0142nia luk\u0119 mi\u0119dzy dost\u0119pno\u015bci\u0105 dla entuzjast\u00f3w a profesjonaln\u0105 wydajno\u015bci\u0105, wyznaczaj\u0105c nowy standard.  <\/p>\n\n<p><em>Nie masz teraz ochoty czyta\u0107 ca\u0142ego zestawienia? Oto zwi\u0119z\u0142e, bardziej praktyczne podsumowanie tego, co faktycznie si\u0119 zmieni\u0142o. <\/em><\/p>\n\n<p class=\"important-text\">Kluczowe wnioski<\/p>\n\n<ul class=\"wp-block-list\">\n<li><strong>Integracja ze sztuczn\u0105 inteligencj\u0105.  <\/strong>Dzi\u0119ki zintegrowanym narz\u0119dziom i sprz\u0119towi do edycji AI, rozpoznawanie obiekt\u00f3w i og\u00f3lny przep\u0142yw pracy mo\u017cna przyspieszy\u0107, aby po\u0142\u0105czy\u0107 wymagane przechwytywanie i ostateczny eksport.<\/li>\n\n\n\n<li><strong>Wszechstronno\u015b\u0107 systemu.  <\/strong>Czujniki ISO o podw\u00f3jnym wzmocnieniu zapewniaj\u0105 czystsze obrazy w o\u015bwietleniu o wysokim kontra\u015bcie, cz\u0119sto spotykanym w fotografii plenerowej.<\/li>\n\n\n\n<li><strong>Rozdzielczo\u015b\u0107 czujnika.<\/strong>  Du\u017ce megapiksele s\u0105 wymagane, aby umo\u017cliwi\u0107 drukowanie na du\u017c\u0105 skal\u0119 i agresywne kadrowanie bez utraty informacji o teksturze.<\/li>\n\n\n\n<li><strong>Zakres dynamiczny.  <\/strong>Dzi\u0119ki ponad 14-stopniowemu zakresowi kamery maj\u0105 czystsze odzyskiwanie cieni, szczeg\u00f3lnie w po\u0142\u0105czeniu z narz\u0119dziami do ekspozycji opartymi na sztucznej inteligencji.<\/li>\n\n\n\n<li><strong>Uszczelnienie pogodowe.<\/strong>  Wewn\u0119trzne uszczelki chroni\u0105 wra\u017cliw\u0105 elektronik\u0119 przed wilgoci\u0105 i kurzem, zapewniaj\u0105c niezawodno\u015b\u0107 w odleg\u0142ych lokalizacjach.<\/li>\n\n\n\n<li><strong>Integracja oprogramowania.  <\/strong>Maksymaln\u0105 jako\u015b\u0107 plik\u00f3w RAW mo\u017cna uzyska\u0107 przy u\u017cyciu zaawansowanych silnik\u00f3w przetwarzania w trudnych warunkach.<\/li>\n<\/ul>\n\n<h2 class=\"wp-block-heading\">Cechy i specyfikacja Sony A7V<\/h2>\n\n<figure class=\"wp-block-image size-full\"><img loading=\"lazy\" decoding=\"async\" width=\"1200\" height=\"1200\" src=\"https:\/\/blog.skylum.com\/wp-content\/uploads\/2026\/05\/features-and-specifications-of-the-sony-a7v.jpg\" alt=\"Sony A7V | Skylum Blog&#10;&#10;\" class=\"wp-image-305614\" srcset=\"https:\/\/blog.skylum.com\/wp-content\/uploads\/2026\/05\/features-and-specifications-of-the-sony-a7v.jpg 1200w, https:\/\/blog.skylum.com\/wp-content\/uploads\/2026\/05\/features-and-specifications-of-the-sony-a7v-768x768.jpg 768w, https:\/\/blog.skylum.com\/wp-content\/uploads\/2026\/05\/features-and-specifications-of-the-sony-a7v-300x300.jpg 300w\" sizes=\"auto, (max-width: 1200px) 100vw, 1200px\" \/><\/figure>\n\n<p>Architektura ta wykorzystuje obw\u00f3d zaprojektowany za fotodiodami, kt\u00f3re, podobnie jak tradycyjne czujniki BSI, maj\u0105 ogromn\u0105 przepustowo\u015b\u0107 danych. Umo\u017cliwia to aparatowi Sony A7V wykonywanie zdj\u0119\u0107 seryjnych z szybko\u015bci\u0105 30 klatek na sekund\u0119, praktycznie eliminuj\u0105c zniekszta\u0142cenia zwykle wyst\u0119puj\u0105ce w uj\u0119ciach szybko poruszaj\u0105cych si\u0119 obiekt\u00f3w. <\/p>\n\n<p>Silnik BIONZ XR2 jest wymieniony w specyfikacji technicznej. Aparat mo\u017ce wykona\u0107 60 oblicze\u0144 AF\/AE na sekund\u0119, zapewniaj\u0105c, \u017ce ka\u017cda klatka jest na\u015bwietlona i ostra do perfekcji z du\u017c\u0105 pr\u0119dko\u015bci\u0105. Pliki maj\u0105 ponad 16-stopniowy zakres dynamiki dla fotograf\u00f3w korzystaj\u0105cych z <a href=\"https:\/\/skylum.com\/luminar\/raw-photo-editor\">edytora zdj\u0119\u0107 surowych<\/a>, oferuj\u0105c mo\u017cliwo\u015b\u0107 eksploracji pustego p\u0142\u00f3tna i przywr\u00f3cenia najciemniejszych cieni i najja\u015bniejszych \u015bwiate\u0142.  <\/p>\n\n<div class=\"skylum-article-cta\"  style=\"background-image: url(https:\/\/blog.skylum.com\/wp-content\/uploads\/2026\/02\/cta-new-banner-2-2.webp); background-size: cover; background-position: center; background-repeat: no-repeat;\">\n    <div class=\"skylum-article-cta__container\">\n                    <h2 class=\"skylum-article-cta__title\">Pot\u0119\u017cny i bogaty w funkcje konwerter RAW\r\n<\/h2>\n                        <div class=\"skylum-article-cta__btns-wrap\">\n                            <a class=\"skylum-article-cta__btn\" href=\"https:\/\/skylum.com\/luminar\/raw-photo-editor\" target=\"\">\n                    Wypr\u00f3buj teraz                <\/a>\n                                <\/div>\n    <\/div>\n<\/div>\n<h2 class=\"wp-block-heading\">Zaawansowany przep\u0142yw pracy RAW i zarz\u0105dzanie temperatur\u0105<\/h2>\n\n<figure class=\"wp-block-image size-full\"><img loading=\"lazy\" decoding=\"async\" width=\"1200\" height=\"929\" src=\"https:\/\/blog.skylum.com\/wp-content\/uploads\/2026\/05\/advanced-raw-workflow-and-thermal-management.jpg\" alt=\"Widok ekranu Sony A7V | Skylum Blog&#10;&#10;\" class=\"wp-image-305554\" srcset=\"https:\/\/blog.skylum.com\/wp-content\/uploads\/2026\/05\/advanced-raw-workflow-and-thermal-management.jpg 1200w, https:\/\/blog.skylum.com\/wp-content\/uploads\/2026\/05\/advanced-raw-workflow-and-thermal-management-768x595.jpg 768w\" sizes=\"auto, (max-width: 1200px) 100vw, 1200px\" \/><\/figure>\n\n<p>A7V ma takie specyfikacje, jak solidna wewn\u0119trzna rama ze stopu magnezu, kt\u00f3ra dzia\u0142a jako g\u0142\u00f3wny radiator, znacznie poprawiaj\u0105c rozpraszanie ciep\u0142a podczas d\u0142ugich sesji zdj\u0119ciowych. Zapobiega to powstawaniu &#8222;gor\u0105cych pikseli&#8221;, kt\u00f3re wp\u0142ywaj\u0105 na d\u0142ugie ekspozycje na czujnikach ni\u017cszej klasy, co oznacza, \u017ce w gor\u0105ce letnie noce pliki RAW o rozdzielczo\u015bci 33 MP s\u0105 wolne od szum\u00f3w i artefakt\u00f3w. <\/p>\n\n<p>Sony A7V tworzy pliki z metadanymi, kt\u00f3re rejestruj\u0105 dyfrakcj\u0119 obiektywu i aberracj\u0119 chromatyczn\u0105. Ultraszybki edytor surowych obraz\u00f3w mo\u017ce dokonywa\u0107 dok\u0142adnych automatycznych korekt. Zagwarantuje to, \u017ce ostro\u015b\u0107 od kraw\u0119dzi do kraw\u0119dzi obiecana w specyfikacjach Sony A7V zostanie osi\u0105gni\u0119ta w ko\u0144cowym eksporcie, a nie zostanie zabita przez fizyk\u0119 optyczn\u0105.  <\/p>\n\n<h2 class=\"wp-block-heading\">Analiza jako\u015bci i wydajno\u015bci obrazu<\/h2>\n\n<p>Automatyczny balans bieli, zasilany przez sztuczn\u0105 inteligencj\u0119, jest znacznie bardziej sp\u00f3jny w z\u0142o\u017conych warunkach o\u015bwietleniowych, takich jak zadaszenia le\u015bne lub podczas przej\u015b\u0107 do z\u0142otej godziny. Taka dok\u0142adno\u015b\u0107 gwarantuje, \u017ce A7V Sony rozwija odcienie sk\u00f3ry i naturalne zielenie. <\/p>\n\n<p>Gdy g\u0142\u0119bia estetyczna jest bardziej ceniona, funkcje potoku obrazu obejmuj\u0105 ustawienia wst\u0119pne o nazwie kreatywny wygl\u0105d, kt\u00f3re mo\u017cna dostosowa\u0107 w aparacie. Ale to potencja\u0142, kt\u00f3ry zosta\u0142 otwarty w post-processingu. Korzystaj\u0105c z efektu Portrait Bokeh AI, u\u017cytkownicy mog\u0105 wykorzysta\u0107 dok\u0142adno\u015b\u0107 odwzorowania g\u0142\u0119bi aparatu, aby uzyska\u0107 profesjonaln\u0105 separacj\u0119 w dowolnym portrecie t\u0142a, z obiektem wyskakuj\u0105cym na tle w jako\u015bci optycznej.  <\/p>\n\n<div class=\"skylum-article-cta\"  style=\"background-image: url(https:\/\/blog.skylum.com\/wp-content\/uploads\/2026\/02\/cta-new-banner-2-2.webp); background-size: cover; background-position: center; background-repeat: no-repeat;\">\n    <div class=\"skylum-article-cta__container\">\n                    <h2 class=\"skylum-article-cta__title\">Bring Emotional Depth to Your Portraits with Bokeh Effect\r\n<\/h2>\n                        <div class=\"skylum-article-cta__btns-wrap\">\n                            <a class=\"skylum-article-cta__btn\" href=\"https:\/\/skylum.com\/luminar\/portrait-bokeh-effect\" target=\"\">\n                    Discover How                <\/a>\n                                <\/div>\n    <\/div>\n<\/div>\n<h3 class=\"wp-block-heading\">Precyzyjna kontrola g\u0142\u0119bi i AI Bokeh<\/h3>\n\n<p>Czujnik o wysokiej rozdzielczo\u015bci i doskona\u0142y AF umo\u017cliwiaj\u0105 r\u00f3wnie dobre uchwycenie portret\u00f3w \u015brodowiskowych. Jedn\u0105 z najwa\u017cniejszych cech nowego procesora AI jest jego zdolno\u015b\u0107 do mapowania g\u0142\u0119bi sceny w czasie rzeczywistym i w 3D. Jest ona kodowana do pliku RAW, gdzie mo\u017ce by\u0107 wykorzystana do tworzenia. Aby pom\u00f3c fotografom skupi\u0107 si\u0119 na obiekcie i skontrastowa\u0107 go z ruchliwym t\u0142em, dane pozyskane sprz\u0119towo zapewniaj\u0105 sztuczn\u0105 mask\u0119.   <\/p>\n\n<p>Wygl\u0105d przypominaj\u0105cy obiektyw mo\u017cna uzyska\u0107 za pomoc\u0105 narz\u0119dzi takich jak Luminar Portrait Bokeh AI.  <\/p>\n\n<figure class=\"wp-block-image size-full\"><img loading=\"lazy\" decoding=\"async\" width=\"1200\" height=\"593\" src=\"https:\/\/blog.skylum.com\/wp-content\/uploads\/2026\/05\/tools-like-luminar-portrait-bokeh-ai.png\" alt=\"Portretowy Bokeh AI w Luminar Neo | Skylum Blog&#10;&#10;\" class=\"wp-image-305659\" srcset=\"https:\/\/blog.skylum.com\/wp-content\/uploads\/2026\/05\/tools-like-luminar-portrait-bokeh-ai.png 1200w, https:\/\/blog.skylum.com\/wp-content\/uploads\/2026\/05\/tools-like-luminar-portrait-bokeh-ai-768x380.png 768w\" sizes=\"auto, (max-width: 1200px) 100vw, 1200px\" \/><\/figure>\n\n<p>Oprogramowanie wykorzystuje szczeg\u00f3\u0142y obrazu do rozr\u00f3\u017cnienia pierwszego planu, obiektu i p\u0142aszczyzn t\u0142a. Tworzy naturalistyczne rozmycie, kt\u00f3re jest zgodne z prawami optyki, co kiedy\u015b by\u0142o niemo\u017cliwe bez godzin r\u0119cznego maskowania. <\/p>\n\n<h3 class=\"wp-block-heading\">System autofokusa i ocena pr\u0119dko\u015bci<\/h3>\n\n<p>System wykorzystuje technologi\u0119 szacowania ludzkiej pozy z 759 punktami wykrywania fazy, kt\u00f3re pokrywaj\u0105 94% czujnika. Oparty na sztucznej inteligencji autofokus wykorzystuje szacowanie ludzkiej pozy, aby utrzyma\u0107 blokad\u0119 na oczach i g\u0142owie obiektu, nawet gdy si\u0119 odwraca, podczas gdy 759 punkt\u00f3w wykrywania fazy zapewnia niemal natychmiastowe pozyskiwanie mniejszych obiekt\u00f3w, takich jak w\u0119drowcy lub odleg\u0142e ptaki. <\/p>\n\n<p>Test pr\u0119dko\u015bci wskazuje r\u00f3wnie\u017c na mo\u017cliwo\u015b\u0107 wst\u0119pnego przechwytywania do 1 sekundy z A7V Sony. Okazuje si\u0119 to by\u0107 prze\u0142omem zar\u00f3wno w dzikiej przyrodzie, jak i sporcie, poniewa\u017c nigdy nie przegapisz kulminacyjnego momentu. Dzi\u0119ki dodaniu Luminar AI, robienie szybkich zdj\u0119\u0107 i tworzenie ko\u0144cowego produktu jest szybsze ni\u017c kiedykolwiek, a oprogramowanie automatyzuje inteligentne \u015bledzenie aparatu, aby zaj\u0105\u0107 si\u0119 reszt\u0105.  <\/p>\n\n<div class=\"skylum-article-cta\"  style=\"background-image: url(https:\/\/blog.skylum.com\/wp-content\/uploads\/2026\/02\/cta-new-banner-2-2.webp); background-size: cover; background-position: center; background-repeat: no-repeat;\">\n    <div class=\"skylum-article-cta__container\">\n                    <h2 class=\"skylum-article-cta__title\">Edytor zdj\u0119\u0107 ze sztuczn\u0105 inteligencj\u0105 dla system\u00f3w macOS i Windows\r\n\r\n<\/h2>\n                        <div class=\"skylum-article-cta__btns-wrap\">\n                            <a class=\"skylum-article-cta__btn\" href=\"https:\/\/skylum.com\/pl\/luminar-ai\" target=\"\">\n                    Odkryj teraz!                <\/a>\n                                <\/div>\n    <\/div>\n<\/div>\n<h2 class=\"wp-block-heading\">Personalizacja i profesjonalna ergonomia<\/h2>\n\n<figure class=\"wp-block-image size-full\"><img loading=\"lazy\" decoding=\"async\" width=\"1200\" height=\"1200\" src=\"https:\/\/blog.skylum.com\/wp-content\/uploads\/2026\/05\/customization-and-professional-ergonomics.jpg\" alt=\"Widok wej&#x15B;&#x107; Sony A7V | Skylum Blog&#10;&#10;\" class=\"wp-image-305599\" srcset=\"https:\/\/blog.skylum.com\/wp-content\/uploads\/2026\/05\/customization-and-professional-ergonomics.jpg 1200w, https:\/\/blog.skylum.com\/wp-content\/uploads\/2026\/05\/customization-and-professional-ergonomics-768x768.jpg 768w, https:\/\/blog.skylum.com\/wp-content\/uploads\/2026\/05\/customization-and-professional-ergonomics-300x300.jpg 300w\" sizes=\"auto, (max-width: 1200px) 100vw, 1200px\" \/><\/figure>\n\n<p>Funkcje A7V Sony obejmuj\u0105 przeprojektowan\u0105 map\u0119 ostro\u015bci, kt\u00f3ra pomaga w wizualizacji g\u0142\u0119bi ostro\u015bci oraz tylne pokr\u0119t\u0142o, kt\u00f3re mo\u017cna zaprogramowa\u0107 do sterowania ISO lub kompensacj\u0105 ekspozycji. Taki fizyczny interfejs ma nie przeszkadza\u0107, umo\u017cliwiaj\u0105c fotografowi pozostanie w danej chwili, z przetwarzaniem danych w specyfikacjach. <\/p>\n\n<p>Data premiery Sony A7V oznacza\u0142a dzie\u0144, w kt\u00f3rym bran\u017ca nie potrzebowa\u0142a ju\u017c korpus\u00f3w wykonywanych na zam\u00f3wienie. W\u0142\u0105czaj\u0105c Luminar AI do systemu postprocessingu, mo\u017cna zainwestowa\u0107 ca\u0142\u0105 energi\u0119 w proces artystyczny, w kt\u00f3rym pomaga Sony A7V, i od\u0142o\u017cy\u0107 na bok r\u0119czne czyszczenie\/polerowanie pracy, takie jak usuwanie kurzu z matrycy lub prosta korekcja kolor\u00f3w. <\/p>\n\n<h2 class=\"wp-block-heading\">\u017bywotno\u015b\u0107 baterii i wydajno\u015b\u0107 \u0142adowania<\/h2>\n\n<figure class=\"wp-block-image size-full\"><img loading=\"lazy\" decoding=\"async\" width=\"1200\" height=\"1200\" src=\"https:\/\/blog.skylum.com\/wp-content\/uploads\/2026\/05\/battery-life-and-charging-efficiency.jpg\" alt=\"Widok wej&#x15B;&#x107; Sony A7V | Skylum Blog&#10;&#10;\" class=\"wp-image-305569\" srcset=\"https:\/\/blog.skylum.com\/wp-content\/uploads\/2026\/05\/battery-life-and-charging-efficiency.jpg 1200w, https:\/\/blog.skylum.com\/wp-content\/uploads\/2026\/05\/battery-life-and-charging-efficiency-768x768.jpg 768w, https:\/\/blog.skylum.com\/wp-content\/uploads\/2026\/05\/battery-life-and-charging-efficiency-300x300.jpg 300w\" sizes=\"auto, (max-width: 1200px) 100vw, 1200px\" \/><\/figure>\n\n<p>Dzi\u0119ki wydajniejszemu procesorowi BIONZ XR2, czas pracy kamery na baterii wynosi oko\u0142o 630 zdj\u0119\u0107 z EVF i 750 z LCD. Specyfikacje pokazuj\u0105 90 minut ci\u0105g\u0142ego nagrywania 4K w temperaturze 25 stopni Celsjusza. <\/p>\n\n<p>\u0141adowanie odbywa si\u0119 przez dwa porty USB-C z obs\u0142ug\u0105 USB-PD (Power Delivery), co umo\u017cliwia szybkie \u0142adowanie akumulator\u00f3w aparatu. Dzi\u0119ki temu Sony A7V mo\u017ce by\u0107 zasilany za pomoc\u0105 zewn\u0119trznego akumulatora podczas sesji z d\u0142ugimi czasami na\u015bwietlania i gwiezdnymi szlakami lub gdy jest pod\u0142\u0105czony do zestawu studyjnego. Elastyczno\u015b\u0107 zasilania sprawia, \u017ce jest to jedna z najbardziej niezawodnych funkcji dla profesjonalnych wypraw, gdzie nie ma gniazdek elektrycznych.  <\/p>\n\n<h2 class=\"wp-block-heading\">Konstrukcja, jako\u015b\u0107 wykonania i ergonomia<\/h2>\n\n<p>Sony A7V ma t\u0119 sam\u0105 sylwetk\u0119 Alpha, ale posiada nowsz\u0105, bardziej wytrzyma\u0142\u0105 ram\u0119 ze stopu magnezu. Uchwyt jest nieco zmodyfikowany, aby pasowa\u0142 do wi\u0119kszych d\u0142oni i zosta\u0142 lepiej wywa\u017cony z ci\u0119\u017ckimi teleobiektywami.   <\/p>\n\n<figure class=\"wp-block-image size-full\"><img loading=\"lazy\" decoding=\"async\" width=\"1200\" height=\"1200\" src=\"https:\/\/blog.skylum.com\/wp-content\/uploads\/2026\/05\/telephoto-lenses.jpg\" alt=\"Uchwyt Sony A7V | Skylum Blog&#10;&#10;\" class=\"wp-image-305644\" srcset=\"https:\/\/blog.skylum.com\/wp-content\/uploads\/2026\/05\/telephoto-lenses.jpg 1200w, https:\/\/blog.skylum.com\/wp-content\/uploads\/2026\/05\/telephoto-lenses-768x768.jpg 768w, https:\/\/blog.skylum.com\/wp-content\/uploads\/2026\/05\/telephoto-lenses-300x300.jpg 300w\" sizes=\"auto, (max-width: 1200px) 100vw, 1200px\" \/><\/figure>\n\n<p>Komora baterii i gniazda kart zosta\u0142y lepiej uszczelnione. Te ulepszenia strukturalne zapewniaj\u0105, \u017ce odporno\u015b\u0107 kamery na wilgo\u0107 i kurz spe\u0142nia rygorystyczne standardy profesjonalnych wypraw plenerowych, chroni\u0105c jej wewn\u0119trzn\u0105 elektronik\u0119 przed mg\u0142\u0105 soln\u0105, wilgoci\u0105 i drobnym \u017cwirem. <\/p>\n\n<figure class=\"wp-block-image size-full\"><img loading=\"lazy\" decoding=\"async\" width=\"1200\" height=\"1200\" src=\"https:\/\/blog.skylum.com\/wp-content\/uploads\/2026\/05\/humidity-and-fine-grit.jpg\" alt=\"Gniazda kart pami&#x119;ci w Sony A7V | Skylum Blog&#10;&#10;\" class=\"wp-image-305629\" srcset=\"https:\/\/blog.skylum.com\/wp-content\/uploads\/2026\/05\/humidity-and-fine-grit.jpg 1200w, https:\/\/blog.skylum.com\/wp-content\/uploads\/2026\/05\/humidity-and-fine-grit-768x768.jpg 768w, https:\/\/blog.skylum.com\/wp-content\/uploads\/2026\/05\/humidity-and-fine-grit-300x300.jpg 300w\" sizes=\"auto, (max-width: 1200px) 100vw, 1200px\" \/><\/figure>\n\n<p>Najbardziej podstawowym ulepszeniem jest 4-osiowy monitor wielok\u0105towy, kt\u00f3ry \u0142\u0105czy w sobie elastyczno\u015b\u0107 odchylanego ekranu ze stabilno\u015bci\u0105 ekranu uchylnego. U\u0142atwia to kompozycj\u0119 zar\u00f3wno w pionie, jak i w poziomie.   <\/p>\n\n<figure class=\"wp-block-image size-full\"><img loading=\"lazy\" decoding=\"async\" width=\"1200\" height=\"929\" src=\"https:\/\/blog.skylum.com\/wp-content\/uploads\/2026\/05\/vertically-and-horizontally.jpg\" alt=\"Widok ekranu Sony A7V | Skylum Blog&#10;&#10;\" class=\"wp-image-305674\" srcset=\"https:\/\/blog.skylum.com\/wp-content\/uploads\/2026\/05\/vertically-and-horizontally.jpg 1200w, https:\/\/blog.skylum.com\/wp-content\/uploads\/2026\/05\/vertically-and-horizontally-768x595.jpg 768w\" sizes=\"auto, (max-width: 1200px) 100vw, 1200px\" \/><\/figure>\n\n<p>Jako\u015b\u0107 wykonania sprz\u0119tu uzasadnia jego cen\u0119 dzi\u0119ki wyj\u0105tkowej konstrukcji i zapewnia odporno\u015b\u0107 w trudnym \u015brodowisku zewn\u0119trznym.<\/p>\n\n<h3 class=\"wp-block-heading\">Funkcje \u0142\u0105czno\u015bci i pami\u0119ci masowej<\/h3>\n\n<p>Sony A7V s\u0142u\u017cy jako centrum szybkiej \u0142\u0105czno\u015bci, wykorzystuj\u0105c Wi-Fi 6E, aby umo\u017cliwi\u0107 szybkie przesy\u0142anie danych w pa\u015bmie 6 GHz. Przydaje si\u0119 to zw\u0142aszcza podczas wysy\u0142ania podgl\u0105du w spos\u00f3b oczekiwany przez klienta lub publikowania go w mediach spo\u0142eczno\u015bciowych. Podw\u00f3jne gniazda pami\u0119ci masowej mog\u0105 akceptowa\u0107 zar\u00f3wno karty SD UHS-II, jak i karty CFexpress typu A, zapewniaj\u0105c pr\u0119dko\u015bci wystarczaj\u0105ce do opr\u00f3\u017cnienia bufora 30 kl.  <\/p>\n\n<p>Funkcje integracji CFexpress typu A maj\u0105 wysoki priorytet w zakresie obs\u0142ugi wideo o wysokiej przep\u0142ywno\u015bci, a zar\u00f3wno nagrywanie, jak i odtwarzanie 4K 120p jest obs\u0142ugiwane bez utraty klatek. Sprawia to, \u017ce Sony A7V jest prawdziw\u0105 hybryd\u0105, poniewa\u017c mo\u017ce prze\u0142\u0105cza\u0107 si\u0119 mi\u0119dzy profesjonaln\u0105 fotografi\u0105 a najwy\u017cszej jako\u015bci kinematografi\u0105 za naci\u015bni\u0119ciem jednego przycisku. <\/p>\n\n<h4 class=\"wp-block-heading\">Por\u00f3wnanie z poprzednimi modelami Sony A7<\/h4>\n\n<figure class=\"wp-block-image size-full\"><img loading=\"lazy\" decoding=\"async\" width=\"1200\" height=\"958\" src=\"https:\/\/blog.skylum.com\/wp-content\/uploads\/2026\/05\/comparison-with-previous-sony-a7-models.jpg\" alt=\"Sony A7 | Skylum Blog&#10;&#10;\" class=\"wp-image-305584\" srcset=\"https:\/\/blog.skylum.com\/wp-content\/uploads\/2026\/05\/comparison-with-previous-sony-a7-models.jpg 1200w, https:\/\/blog.skylum.com\/wp-content\/uploads\/2026\/05\/comparison-with-previous-sony-a7-models-768x613.jpg 768w\" sizes=\"auto, (max-width: 1200px) 100vw, 1200px\" \/><\/figure>\n\n<p>Ka\u017cda kolejna wersja serii mo\u017ce zmieni\u0107 organizacj\u0119 pracy fotografa. Zast\u0105pienie tradycyjnych czujnik\u00f3w architektur\u0105 stosow\u0105 i dodanie wyspecjalizowanych uk\u0142ad\u00f3w przetwarzania definiuje dominuj\u0105cy standard bran\u017cowy. <\/p>\n\n<figure class=\"wp-block-table\"><table class=\"has-fixed-layout\"><tbody><tr><td><strong>Cecha<\/strong><\/td><td><strong>Sony A7 III<\/strong><\/td><td><strong>Sony A7 IV<\/strong><\/td><td><strong>Sony A7V<\/strong><\/td><\/tr><tr><td><strong>Typ czujnika<\/strong><\/td><td>BSI CMOS<\/td><td>BSI CMOS<\/td><td>Cz\u0119\u015bciowo u\u0142o\u017cone<\/td><\/tr><tr><td><strong>Burst rate<\/strong><\/td><td>10 kl.<\/td><td>10 kl.<\/td><td>30 kl.<\/td><\/tr><tr><td><strong>Jako\u015b\u0107 wideo<\/strong><\/td><td>4K 30p<\/td><td>4K 60p<\/td><td>4K 60p<\/td><\/tr><tr><td><strong>Jednostka AI<\/strong><\/td><td>Brak<\/td><td>Brak<\/td><td>Dedykowany uk\u0142ad AI<\/td><\/tr><\/tbody><\/table><\/figure>\n\n<p>Sony A7V to co\u015b wi\u0119cej ni\u017c tylko zwi\u0119kszenie rozdzielczo\u015bci. Szybko\u015b\u0107 odczytu, obecno\u015b\u0107 modu\u0142u sztucznej inteligencji, kt\u00f3ry automatyzuje najbardziej wyrafinowane funkcje ustawiania ostro\u015bci i ekspozycji, a tak\u017ce automatyzacja tych funkcji to g\u0142\u00f3wne cechy wyr\u00f3\u017cniaj\u0105ce. <\/p>\n\n<h2 class=\"wp-block-heading\">Wp\u0142yw na rynek i zabezpieczenie na przysz\u0142o\u015b\u0107<\/h2>\n\n<p>Data premiery Sony A7V pod koniec 2025 roku zmieni\u0142a zasady gry na rynku bezlusterkowc\u00f3w. Firma Sony zakwestionowa\u0142a konwencjonaln\u0105 konstrukcj\u0119 korpusu aparatu, oferuj\u0105c 30 klatek na sekund\u0119 i uk\u0142ady czujnik\u00f3w. Dla u\u017cytkownik\u00f3w poszukuj\u0105cych doskona\u0142ych aparat\u00f3w, A7V stanowi ta\u0144sz\u0105, ale bardziej zr\u00f3wnowa\u017con\u0105 opcj\u0119 w por\u00f3wnaniu do drogiej linii &#8222;R&#8221;, szczeg\u00f3lnie bior\u0105c pod uwag\u0119 dost\u0119p do obecnego oprogramowania do wyostrzania i skalowania opartego na sztucznej inteligencji.  <\/p>\n\n<p>Kompatybilno\u015b\u0107 ekosystemu Sony A7V gwarantuje, \u017ce kamera nie wyjdzie z mody przez kilka lat. Wraz z dalszym rozwojem sztucznej inteligencji, obfite, szybkie dane stan\u0105 si\u0119 podstaw\u0105 przysz\u0142ych metod generowania i przywracania edycji. Niezale\u017cnie od tego, czy walczysz ze strumieniem wodospadu, czy z py\u0142em pustyni, Sony A7V zapewnia poziom wydajno\u015bci, kt\u00f3ry uzasadnia jego status najlepszego aparatu hybrydowego 2026 roku.  <\/p>\n","protected":false},"excerpt":{"rendered":"<p>Zapoznaj si\u0119 z technicznymi aspektami Sony A7V i dowiedz si\u0119, w jaki spos\u00f3b jego wy\u017csza zdolno\u015b\u0107 matrycy \u0142\u0105czy si\u0119 z obecnymi procedurami przetwarzania ko\u0144cowego, aby generowa\u0107 profesjonalne wyniki.<\/p>\n","protected":false},"author":91,"featured_media":305700,"comment_status":"open","ping_status":"open","sticky":false,"template":"","format":"standard","meta":{"_acf_changed":false,"_eb_attr":"","footnotes":""},"categories":[15],"tags":[],"class_list":["post-305715","post","type-post","status-publish","format-standard","has-post-thumbnail","hentry","category-bez-kategorii"],"acf":[],"yoast_head":"<!-- This site is optimized with the Yoast SEO plugin v27.5 - https:\/\/yoast.com\/product\/yoast-seo-wordpress\/ -->\n<title>Recenzja Sony A7V: Pe\u0142ny przegl\u0105d aparatu - Skylum&#039;s Blog<\/title>\n<meta name=\"robots\" content=\"index, follow, max-snippet:-1, max-image-preview:large, max-video-preview:-1\" \/>\n<link rel=\"canonical\" href=\"https:\/\/blog.skylum.com\/pl\/sony-a7v-review\/\" \/>\n<meta property=\"og:locale\" content=\"pl_PL\" \/>\n<meta property=\"og:type\" content=\"article\" \/>\n<meta property=\"og:title\" content=\"Recenzja Sony A7V: Pe\u0142ny przegl\u0105d aparatu - Skylum&#039;s Blog\" \/>\n<meta property=\"og:description\" content=\"Zapoznaj si\u0119 z technicznymi aspektami Sony A7V i dowiedz si\u0119, w jaki spos\u00f3b jego wy\u017csza zdolno\u015b\u0107 matrycy \u0142\u0105czy si\u0119 z obecnymi procedurami przetwarzania ko\u0144cowego, aby generowa\u0107 profesjonalne wyniki.\" \/>\n<meta property=\"og:url\" content=\"https:\/\/blog.skylum.com\/pl\/sony-a7v-review\/\" \/>\n<meta property=\"og:site_name\" content=\"Skylum&#039;s Blog\" \/>\n<meta property=\"article:published_time\" content=\"2026-05-01T10:14:37+00:00\" \/>\n<meta property=\"article:modified_time\" content=\"2026-05-01T11:55:18+00:00\" \/>\n<meta property=\"og:image\" content=\"https:\/\/blog.skylum.com\/wp-content\/uploads\/2026\/05\/xipo.png\" \/>\n\t<meta property=\"og:image:width\" content=\"1010\" \/>\n\t<meta property=\"og:image:height\" content=\"535\" \/>\n\t<meta property=\"og:image:type\" content=\"image\/png\" \/>\n<meta name=\"author\" content=\"Anastasiya Shtanakova\" \/>\n<meta name=\"twitter:card\" content=\"summary_large_image\" \/>\n<meta name=\"twitter:label1\" content=\"Napisane przez\" \/>\n\t<meta name=\"twitter:data1\" content=\"Anastasiya Shtanakova\" \/>\n\t<meta name=\"twitter:label2\" content=\"Szacowany czas czytania\" \/>\n\t<meta name=\"twitter:data2\" content=\"8 minut\" \/>\n<script type=\"application\/ld+json\" class=\"yoast-schema-graph\">{\"@context\":\"https:\\\/\\\/schema.org\",\"@graph\":[{\"@type\":\"Article\",\"@id\":\"https:\\\/\\\/blog.skylum.com\\\/pl\\\/sony-a7v-review\\\/#article\",\"isPartOf\":{\"@id\":\"https:\\\/\\\/blog.skylum.com\\\/pl\\\/sony-a7v-review\\\/\"},\"author\":{\"name\":\"Anastasiya Shtanakova\",\"@id\":\"https:\\\/\\\/blog.skylum.com\\\/pl\\\/#\\\/schema\\\/person\\\/c8cb4528536c8af4155a38ce1182b12a\"},\"headline\":\"Recenzja Sony A7V: Pe\u0142ny przegl\u0105d aparatu\",\"datePublished\":\"2026-05-01T10:14:37+00:00\",\"dateModified\":\"2026-05-01T11:55:18+00:00\",\"mainEntityOfPage\":{\"@id\":\"https:\\\/\\\/blog.skylum.com\\\/pl\\\/sony-a7v-review\\\/\"},\"wordCount\":1714,\"commentCount\":0,\"publisher\":{\"@id\":\"https:\\\/\\\/blog.skylum.com\\\/pl\\\/#organization\"},\"image\":{\"@id\":\"https:\\\/\\\/blog.skylum.com\\\/pl\\\/sony-a7v-review\\\/#primaryimage\"},\"thumbnailUrl\":\"https:\\\/\\\/blog.skylum.com\\\/wp-content\\\/uploads\\\/2026\\\/05\\\/xipo.png\",\"inLanguage\":\"pl-PL\",\"potentialAction\":[{\"@type\":\"CommentAction\",\"name\":\"Comment\",\"target\":[\"https:\\\/\\\/blog.skylum.com\\\/pl\\\/sony-a7v-review\\\/#respond\"]}]},{\"@type\":\"WebPage\",\"@id\":\"https:\\\/\\\/blog.skylum.com\\\/pl\\\/sony-a7v-review\\\/\",\"url\":\"https:\\\/\\\/blog.skylum.com\\\/pl\\\/sony-a7v-review\\\/\",\"name\":\"Recenzja Sony A7V: Pe\u0142ny przegl\u0105d aparatu - Skylum&#039;s Blog\",\"isPartOf\":{\"@id\":\"https:\\\/\\\/blog.skylum.com\\\/pl\\\/#website\"},\"primaryImageOfPage\":{\"@id\":\"https:\\\/\\\/blog.skylum.com\\\/pl\\\/sony-a7v-review\\\/#primaryimage\"},\"image\":{\"@id\":\"https:\\\/\\\/blog.skylum.com\\\/pl\\\/sony-a7v-review\\\/#primaryimage\"},\"thumbnailUrl\":\"https:\\\/\\\/blog.skylum.com\\\/wp-content\\\/uploads\\\/2026\\\/05\\\/xipo.png\",\"datePublished\":\"2026-05-01T10:14:37+00:00\",\"dateModified\":\"2026-05-01T11:55:18+00:00\",\"breadcrumb\":{\"@id\":\"https:\\\/\\\/blog.skylum.com\\\/pl\\\/sony-a7v-review\\\/#breadcrumb\"},\"inLanguage\":\"pl-PL\",\"potentialAction\":[{\"@type\":\"ReadAction\",\"target\":[\"https:\\\/\\\/blog.skylum.com\\\/pl\\\/sony-a7v-review\\\/\"]}]},{\"@type\":\"ImageObject\",\"inLanguage\":\"pl-PL\",\"@id\":\"https:\\\/\\\/blog.skylum.com\\\/pl\\\/sony-a7v-review\\\/#primaryimage\",\"url\":\"https:\\\/\\\/blog.skylum.com\\\/wp-content\\\/uploads\\\/2026\\\/05\\\/xipo.png\",\"contentUrl\":\"https:\\\/\\\/blog.skylum.com\\\/wp-content\\\/uploads\\\/2026\\\/05\\\/xipo.png\",\"width\":1010,\"height\":535},{\"@type\":\"BreadcrumbList\",\"@id\":\"https:\\\/\\\/blog.skylum.com\\\/pl\\\/sony-a7v-review\\\/#breadcrumb\",\"itemListElement\":[{\"@type\":\"ListItem\",\"position\":1,\"name\":\"Home\",\"item\":\"https:\\\/\\\/blog.skylum.com\\\/pl\\\/\"},{\"@type\":\"ListItem\",\"position\":2,\"name\":\"Recenzja Sony A7V: Pe\u0142ny przegl\u0105d aparatu\"}]},{\"@type\":\"WebSite\",\"@id\":\"https:\\\/\\\/blog.skylum.com\\\/pl\\\/#website\",\"url\":\"https:\\\/\\\/blog.skylum.com\\\/pl\\\/\",\"name\":\"Skylum&#039;s Blog\",\"description\":\"\",\"publisher\":{\"@id\":\"https:\\\/\\\/blog.skylum.com\\\/pl\\\/#organization\"},\"potentialAction\":[{\"@type\":\"SearchAction\",\"target\":{\"@type\":\"EntryPoint\",\"urlTemplate\":\"https:\\\/\\\/blog.skylum.com\\\/pl\\\/?s={search_term_string}\"},\"query-input\":{\"@type\":\"PropertyValueSpecification\",\"valueRequired\":true,\"valueName\":\"search_term_string\"}}],\"inLanguage\":\"pl-PL\"},{\"@type\":\"Organization\",\"@id\":\"https:\\\/\\\/blog.skylum.com\\\/pl\\\/#organization\",\"name\":\"Skylum&#039;s Blog\",\"url\":\"https:\\\/\\\/blog.skylum.com\\\/pl\\\/\",\"logo\":{\"@type\":\"ImageObject\",\"inLanguage\":\"pl-PL\",\"@id\":\"https:\\\/\\\/blog.skylum.com\\\/pl\\\/#\\\/schema\\\/logo\\\/image\\\/\",\"url\":\"https:\\\/\\\/blog.skylum.com\\\/wp-content\\\/uploads\\\/2026\\\/02\\\/SKYLUM_logo_white.svg\",\"contentUrl\":\"https:\\\/\\\/blog.skylum.com\\\/wp-content\\\/uploads\\\/2026\\\/02\\\/SKYLUM_logo_white.svg\",\"caption\":\"Skylum&#039;s Blog\"},\"image\":{\"@id\":\"https:\\\/\\\/blog.skylum.com\\\/pl\\\/#\\\/schema\\\/logo\\\/image\\\/\"}},{\"@type\":\"Person\",\"@id\":\"https:\\\/\\\/blog.skylum.com\\\/pl\\\/#\\\/schema\\\/person\\\/c8cb4528536c8af4155a38ce1182b12a\",\"name\":\"Anastasiya Shtanakova\",\"image\":{\"@type\":\"ImageObject\",\"inLanguage\":\"pl-PL\",\"@id\":\"https:\\\/\\\/secure.gravatar.com\\\/avatar\\\/bf4b6d48aefcee9b26a1196254659c009d1668983cfef5324fd0bd64a254cd60?s=96&d=mm&r=g\",\"url\":\"https:\\\/\\\/secure.gravatar.com\\\/avatar\\\/bf4b6d48aefcee9b26a1196254659c009d1668983cfef5324fd0bd64a254cd60?s=96&d=mm&r=g\",\"contentUrl\":\"https:\\\/\\\/secure.gravatar.com\\\/avatar\\\/bf4b6d48aefcee9b26a1196254659c009d1668983cfef5324fd0bd64a254cd60?s=96&d=mm&r=g\",\"caption\":\"Anastasiya Shtanakova\"},\"description\":\"I find immense joy in connecting with people and capturing their essence through my unique perspective and camera lens. Primarily a portrait photographer, my portfolio is rich with images of individuals, each telling their own story. Beyond the camera, my passion extends to meeting a diverse range of people, learning about their interests and narratives, and bringing those stories to life in my post-production work.\",\"sameAs\":[\"https:\\\/\\\/instagram.com\\\/fight_like_a_banana\"],\"url\":\"https:\\\/\\\/blog.skylum.com\\\/pl\\\/author\\\/anastasiya-shtanakova\\\/\"}]}<\/script>\n<!-- \/ Yoast SEO plugin. -->","yoast_head_json":{"title":"Recenzja Sony A7V: Pe\u0142ny przegl\u0105d aparatu - Skylum&#039;s Blog","robots":{"index":"index","follow":"follow","max-snippet":"max-snippet:-1","max-image-preview":"max-image-preview:large","max-video-preview":"max-video-preview:-1"},"canonical":"https:\/\/blog.skylum.com\/pl\/sony-a7v-review\/","og_locale":"pl_PL","og_type":"article","og_title":"Recenzja Sony A7V: Pe\u0142ny przegl\u0105d aparatu - Skylum&#039;s Blog","og_description":"Zapoznaj si\u0119 z technicznymi aspektami Sony A7V i dowiedz si\u0119, w jaki spos\u00f3b jego wy\u017csza zdolno\u015b\u0107 matrycy \u0142\u0105czy si\u0119 z obecnymi procedurami przetwarzania ko\u0144cowego, aby generowa\u0107 profesjonalne wyniki.","og_url":"https:\/\/blog.skylum.com\/pl\/sony-a7v-review\/","og_site_name":"Skylum&#039;s Blog","article_published_time":"2026-05-01T10:14:37+00:00","article_modified_time":"2026-05-01T11:55:18+00:00","og_image":[{"width":1010,"height":535,"url":"https:\/\/blog.skylum.com\/wp-content\/uploads\/2026\/05\/xipo.png","type":"image\/png"}],"author":"Anastasiya Shtanakova","twitter_card":"summary_large_image","twitter_misc":{"Napisane przez":"Anastasiya Shtanakova","Szacowany czas czytania":"8 minut"},"schema":{"@context":"https:\/\/schema.org","@graph":[{"@type":"Article","@id":"https:\/\/blog.skylum.com\/pl\/sony-a7v-review\/#article","isPartOf":{"@id":"https:\/\/blog.skylum.com\/pl\/sony-a7v-review\/"},"author":{"name":"Anastasiya Shtanakova","@id":"https:\/\/blog.skylum.com\/pl\/#\/schema\/person\/c8cb4528536c8af4155a38ce1182b12a"},"headline":"Recenzja Sony A7V: Pe\u0142ny przegl\u0105d aparatu","datePublished":"2026-05-01T10:14:37+00:00","dateModified":"2026-05-01T11:55:18+00:00","mainEntityOfPage":{"@id":"https:\/\/blog.skylum.com\/pl\/sony-a7v-review\/"},"wordCount":1714,"commentCount":0,"publisher":{"@id":"https:\/\/blog.skylum.com\/pl\/#organization"},"image":{"@id":"https:\/\/blog.skylum.com\/pl\/sony-a7v-review\/#primaryimage"},"thumbnailUrl":"https:\/\/blog.skylum.com\/wp-content\/uploads\/2026\/05\/xipo.png","inLanguage":"pl-PL","potentialAction":[{"@type":"CommentAction","name":"Comment","target":["https:\/\/blog.skylum.com\/pl\/sony-a7v-review\/#respond"]}]},{"@type":"WebPage","@id":"https:\/\/blog.skylum.com\/pl\/sony-a7v-review\/","url":"https:\/\/blog.skylum.com\/pl\/sony-a7v-review\/","name":"Recenzja Sony A7V: Pe\u0142ny przegl\u0105d aparatu - Skylum&#039;s Blog","isPartOf":{"@id":"https:\/\/blog.skylum.com\/pl\/#website"},"primaryImageOfPage":{"@id":"https:\/\/blog.skylum.com\/pl\/sony-a7v-review\/#primaryimage"},"image":{"@id":"https:\/\/blog.skylum.com\/pl\/sony-a7v-review\/#primaryimage"},"thumbnailUrl":"https:\/\/blog.skylum.com\/wp-content\/uploads\/2026\/05\/xipo.png","datePublished":"2026-05-01T10:14:37+00:00","dateModified":"2026-05-01T11:55:18+00:00","breadcrumb":{"@id":"https:\/\/blog.skylum.com\/pl\/sony-a7v-review\/#breadcrumb"},"inLanguage":"pl-PL","potentialAction":[{"@type":"ReadAction","target":["https:\/\/blog.skylum.com\/pl\/sony-a7v-review\/"]}]},{"@type":"ImageObject","inLanguage":"pl-PL","@id":"https:\/\/blog.skylum.com\/pl\/sony-a7v-review\/#primaryimage","url":"https:\/\/blog.skylum.com\/wp-content\/uploads\/2026\/05\/xipo.png","contentUrl":"https:\/\/blog.skylum.com\/wp-content\/uploads\/2026\/05\/xipo.png","width":1010,"height":535},{"@type":"BreadcrumbList","@id":"https:\/\/blog.skylum.com\/pl\/sony-a7v-review\/#breadcrumb","itemListElement":[{"@type":"ListItem","position":1,"name":"Home","item":"https:\/\/blog.skylum.com\/pl\/"},{"@type":"ListItem","position":2,"name":"Recenzja Sony A7V: Pe\u0142ny przegl\u0105d aparatu"}]},{"@type":"WebSite","@id":"https:\/\/blog.skylum.com\/pl\/#website","url":"https:\/\/blog.skylum.com\/pl\/","name":"Skylum&#039;s Blog","description":"","publisher":{"@id":"https:\/\/blog.skylum.com\/pl\/#organization"},"potentialAction":[{"@type":"SearchAction","target":{"@type":"EntryPoint","urlTemplate":"https:\/\/blog.skylum.com\/pl\/?s={search_term_string}"},"query-input":{"@type":"PropertyValueSpecification","valueRequired":true,"valueName":"search_term_string"}}],"inLanguage":"pl-PL"},{"@type":"Organization","@id":"https:\/\/blog.skylum.com\/pl\/#organization","name":"Skylum&#039;s Blog","url":"https:\/\/blog.skylum.com\/pl\/","logo":{"@type":"ImageObject","inLanguage":"pl-PL","@id":"https:\/\/blog.skylum.com\/pl\/#\/schema\/logo\/image\/","url":"https:\/\/blog.skylum.com\/wp-content\/uploads\/2026\/02\/SKYLUM_logo_white.svg","contentUrl":"https:\/\/blog.skylum.com\/wp-content\/uploads\/2026\/02\/SKYLUM_logo_white.svg","caption":"Skylum&#039;s Blog"},"image":{"@id":"https:\/\/blog.skylum.com\/pl\/#\/schema\/logo\/image\/"}},{"@type":"Person","@id":"https:\/\/blog.skylum.com\/pl\/#\/schema\/person\/c8cb4528536c8af4155a38ce1182b12a","name":"Anastasiya Shtanakova","image":{"@type":"ImageObject","inLanguage":"pl-PL","@id":"https:\/\/secure.gravatar.com\/avatar\/bf4b6d48aefcee9b26a1196254659c009d1668983cfef5324fd0bd64a254cd60?s=96&d=mm&r=g","url":"https:\/\/secure.gravatar.com\/avatar\/bf4b6d48aefcee9b26a1196254659c009d1668983cfef5324fd0bd64a254cd60?s=96&d=mm&r=g","contentUrl":"https:\/\/secure.gravatar.com\/avatar\/bf4b6d48aefcee9b26a1196254659c009d1668983cfef5324fd0bd64a254cd60?s=96&d=mm&r=g","caption":"Anastasiya Shtanakova"},"description":"I find immense joy in connecting with people and capturing their essence through my unique perspective and camera lens. Primarily a portrait photographer, my portfolio is rich with images of individuals, each telling their own story. Beyond the camera, my passion extends to meeting a diverse range of people, learning about their interests and narratives, and bringing those stories to life in my post-production work.","sameAs":["https:\/\/instagram.com\/fight_like_a_banana"],"url":"https:\/\/blog.skylum.com\/pl\/author\/anastasiya-shtanakova\/"}]}},"_links":{"self":[{"href":"https:\/\/blog.skylum.com\/pl\/wp-json\/wp\/v2\/posts\/305715","targetHints":{"allow":["GET"]}}],"collection":[{"href":"https:\/\/blog.skylum.com\/pl\/wp-json\/wp\/v2\/posts"}],"about":[{"href":"https:\/\/blog.skylum.com\/pl\/wp-json\/wp\/v2\/types\/post"}],"author":[{"embeddable":true,"href":"https:\/\/blog.skylum.com\/pl\/wp-json\/wp\/v2\/users\/91"}],"replies":[{"embeddable":true,"href":"https:\/\/blog.skylum.com\/pl\/wp-json\/wp\/v2\/comments?post=305715"}],"version-history":[{"count":0,"href":"https:\/\/blog.skylum.com\/pl\/wp-json\/wp\/v2\/posts\/305715\/revisions"}],"wp:featuredmedia":[{"embeddable":true,"href":"https:\/\/blog.skylum.com\/pl\/wp-json\/wp\/v2\/media\/305700"}],"wp:attachment":[{"href":"https:\/\/blog.skylum.com\/pl\/wp-json\/wp\/v2\/media?parent=305715"}],"wp:term":[{"taxonomy":"category","embeddable":true,"href":"https:\/\/blog.skylum.com\/pl\/wp-json\/wp\/v2\/categories?post=305715"},{"taxonomy":"post_tag","embeddable":true,"href":"https:\/\/blog.skylum.com\/pl\/wp-json\/wp\/v2\/tags?post=305715"}],"curies":[{"name":"wp","href":"https:\/\/api.w.org\/{rel}","templated":true}]}}